{"id":5407,"date":"2025-01-29T16:36:49","date_gmt":"2025-01-29T19:36:49","guid":{"rendered":"https:\/\/emisoracolon.com.ar\/?p=5407"},"modified":"2025-01-29T16:36:49","modified_gmt":"2025-01-29T19:36:49","slug":"colon-se-prepara-para-el-debut-de-los-carnavales","status":"publish","type":"post","link":"https:\/\/emisoracolon.com.ar\/index.php\/2025\/01\/29\/colon-se-prepara-para-el-debut-de-los-carnavales\/","title":{"rendered":"Col\u00f3n se prepara para el debut de los Carnavales"},"content":{"rendered":"\n<p>Anoche, funcionarios del Municipio participaron en los preparativos del esperado debut de Colonb\u00e1 y Juanpi Ver\u00e1, quienes, junto a la Comparsa 9 de Julio, se presentar\u00e1n los d\u00edas 8 y 9 de febrero en el Festival del Lago y luego ser\u00e1n protagonistas de los tradicionales Carnavales de Col\u00f3n.<\/p>\n\n\n\n<p>Desde la gesti\u00f3n municipal expresaron su compromiso con el desarrollo cultural de la ciudad: \u201cAcompa\u00f1amos a todas las expresiones culturales y art\u00edsticas desde cerca y con enorme orgullo\u201d, se\u00f1alaron.<\/p>\n\n\n\n<p>Los carnavales de Col\u00f3n, con m\u00e1s de dos d\u00e9cadas de historia, se han consolidado como una de las fiestas m\u00e1s emblem\u00e1ticas de la regi\u00f3n, atrayendo a vecinos y turistas que disfrutan de un espect\u00e1culo lleno de color, ritmo y alegr\u00eda. Cada edici\u00f3n reafirma la identidad cultural de la ciudad y el talento de sus artistas, quienes trabajan durante todo el a\u00f1o para brindar un show inolvidable.<\/p>\n\n\n\n<p>Este a\u00f1o, la presencia de Colonb\u00e1 y Juanpi Ver\u00e1 y del barrio 9 de Julio suma un atractivo especial, prometiendo noches de m\u00fasica y baile que quedar\u00e1n en el recuerdo de todos los asistentes.<\/p>\n","protected":false},"excerpt":{"rendered":"<p>Anoche, funcionarios del Municipio participaron en los preparativos del esperado debut de Colonb\u00e1 y Juanpi Ver\u00e1, quienes, junto a la Comparsa 9 de Julio, se presentar\u00e1n los d\u00edas 8 y 9 de&#8230;<\/p>\n","protected":false},"author":1,"featured_media":5408,"comment_status":"open","ping_status":"open","sticky":false,"template":"","format":"standard","meta":{"footnotes":""},"categories":[7,3],"tags":[],"class_list":["post-5407","post","type-post","status-publish","format-standard","has-post-thumbnail","hentry","category-cultura","category-general"],"_links":{"self":[{"href":"https:\/\/emisoracolon.com.ar\/index.php\/wp-json\/wp\/v2\/posts\/5407","targetHints":{"allow":["GET"]}}],"collection":[{"href":"https:\/\/emisoracolon.com.ar\/index.php\/wp-json\/wp\/v2\/posts"}],"about":[{"href":"https:\/\/emisoracolon.com.ar\/index.php\/wp-json\/wp\/v2\/types\/post"}],"author":[{"embeddable":true,"href":"https:\/\/emisoracolon.com.ar\/index.php\/wp-json\/wp\/v2\/users\/1"}],"replies":[{"embeddable":true,"href":"https:\/\/emisoracolon.com.ar\/index.php\/wp-json\/wp\/v2\/comments?post=5407"}],"version-history":[{"count":1,"href":"https:\/\/emisoracolon.com.ar\/index.php\/wp-json\/wp\/v2\/posts\/5407\/revisions"}],"predecessor-version":[{"id":5409,"href":"https:\/\/emisoracolon.com.ar\/index.php\/wp-json\/wp\/v2\/posts\/5407\/revisions\/5409"}],"wp:featuredmedia":[{"embeddable":true,"href":"https:\/\/emisoracolon.com.ar\/index.php\/wp-json\/wp\/v2\/media\/5408"}],"wp:attachment":[{"href":"https:\/\/emisoracolon.com.ar\/index.php\/wp-json\/wp\/v2\/media?parent=5407"}],"wp:term":[{"taxonomy":"category","embeddable":true,"href":"https:\/\/emisoracolon.com.ar\/index.php\/wp-json\/wp\/v2\/categories?post=5407"},{"taxonomy":"post_tag","embeddable":true,"href":"https:\/\/emisoracolon.com.ar\/index.php\/wp-json\/wp\/v2\/tags?post=5407"}],"curies":[{"name":"wp","href":"https:\/\/api.w.org\/{rel}","templated":true}]}}