{"id":5405,"date":"2025-01-29T16:33:33","date_gmt":"2025-01-29T19:33:33","guid":{"rendered":"https:\/\/emisoracolon.com.ar\/?p=5405"},"modified":"2025-01-29T16:33:33","modified_gmt":"2025-01-29T19:33:33","slug":"termina-la-colonia-de-mayores","status":"publish","type":"post","link":"https:\/\/emisoracolon.com.ar\/index.php\/2025\/01\/29\/termina-la-colonia-de-mayores\/","title":{"rendered":"Termina la colonia de mayores"},"content":{"rendered":"\n<p>Antes del cierre, previsto para el viernes, el encargado de Deportes de la Municipalidad, Nicol\u00e1s Scarpeccia, destac\u00f3 que el \u00e9xito de la colonia se debe, entre otros factores, al clima favorable. \u201cTuvimos una temporada muy linda, con temperaturas agradables, lo que permiti\u00f3 disfrutar plenamente del aire libre y del natatorio. Esto es especialmente valorado por los adultos mayores, quienes han aprovechado cada jornada al m\u00e1ximo\u201d, expres\u00f3.<\/p>\n\n\n\n<p>Scarpeccia se\u00f1al\u00f3 que la actividad principal se desarrolla en la pileta del C\u00edrculo Italiano. \u201cComenzamos a las 9 de la ma\u00f1ana, aunque los profesores nos reunimos desde las 8:30 para organizar las actividades del d\u00eda. Lo que m\u00e1s entretiene a los participantes son los juegos: hacemos juegos de postas, juegos acu\u00e1ticos y otras din\u00e1micas que fomentan la interacci\u00f3n. Luego, a las 10, inicia la parte de nataci\u00f3n, que se extiende hasta las 11:15 o 11:20. Despu\u00e9s, realizamos actividades recreativas como juegos de cartas y, a las 12, los participantes regresan a sus casas\u201d, detall\u00f3.<\/p>\n\n\n\n<p>Respecto a la duraci\u00f3n de la colonia, explic\u00f3 que tradicionalmente se realizaba de lunes a jueves, con una posible extensi\u00f3n de una semana manteniendo la misma cantidad de d\u00edas. Sin embargo, este a\u00f1o se decidi\u00f3 programarla de lunes a viernes durante todo enero. \u201cEn febrero, la mayor\u00eda de los profesores retoman sus actividades escolares, por lo que se dificulta la cobertura del personal. Con este esquema, logramos mantener la misma cantidad de jornadas o incluso sumar alguna m\u00e1s en comparaci\u00f3n con a\u00f1os anteriores\u201d, concluy\u00f3.<\/p>\n","protected":false},"excerpt":{"rendered":"<p>Antes del cierre, previsto para el viernes, el encargado de Deportes de la Municipalidad, Nicol\u00e1s Scarpeccia, destac\u00f3 que el \u00e9xito de la colonia se debe, entre otros factores, al clima favorable. \u201cTuvimos&#8230;<\/p>\n","protected":false},"author":1,"featured_media":5345,"comment_status":"open","ping_status":"open","sticky":false,"template":"","format":"standard","meta":{"footnotes":""},"categories":[3],"tags":[],"class_list":["post-5405","post","type-post","status-publish","format-standard","has-post-thumbnail","hentry","category-general"],"_links":{"self":[{"href":"https:\/\/emisoracolon.com.ar\/index.php\/wp-json\/wp\/v2\/posts\/5405","targetHints":{"allow":["GET"]}}],"collection":[{"href":"https:\/\/emisoracolon.com.ar\/index.php\/wp-json\/wp\/v2\/posts"}],"about":[{"href":"https:\/\/emisoracolon.com.ar\/index.php\/wp-json\/wp\/v2\/types\/post"}],"author":[{"embeddable":true,"href":"https:\/\/emisoracolon.com.ar\/index.php\/wp-json\/wp\/v2\/users\/1"}],"replies":[{"embeddable":true,"href":"https:\/\/emisoracolon.com.ar\/index.php\/wp-json\/wp\/v2\/comments?post=5405"}],"version-history":[{"count":1,"href":"https:\/\/emisoracolon.com.ar\/index.php\/wp-json\/wp\/v2\/posts\/5405\/revisions"}],"predecessor-version":[{"id":5406,"href":"https:\/\/emisoracolon.com.ar\/index.php\/wp-json\/wp\/v2\/posts\/5405\/revisions\/5406"}],"wp:featuredmedia":[{"embeddable":true,"href":"https:\/\/emisoracolon.com.ar\/index.php\/wp-json\/wp\/v2\/media\/5345"}],"wp:attachment":[{"href":"https:\/\/emisoracolon.com.ar\/index.php\/wp-json\/wp\/v2\/media?parent=5405"}],"wp:term":[{"taxonomy":"category","embeddable":true,"href":"https:\/\/emisoracolon.com.ar\/index.php\/wp-json\/wp\/v2\/categories?post=5405"},{"taxonomy":"post_tag","embeddable":true,"href":"https:\/\/emisoracolon.com.ar\/index.php\/wp-json\/wp\/v2\/tags?post=5405"}],"curies":[{"name":"wp","href":"https:\/\/api.w.org\/{rel}","templated":true}]}}