{"id":5400,"date":"2025-01-28T17:41:08","date_gmt":"2025-01-28T20:41:08","guid":{"rendered":"https:\/\/emisoracolon.com.ar\/?p=5400"},"modified":"2025-01-28T17:41:08","modified_gmt":"2025-01-28T20:41:08","slug":"federacion-agraria-no-esta-conforme","status":"publish","type":"post","link":"https:\/\/emisoracolon.com.ar\/index.php\/2025\/01\/28\/federacion-agraria-no-esta-conforme\/","title":{"rendered":"Federaci\u00f3n Agraria no est\u00e1 conforme"},"content":{"rendered":"\n<p>El vicepresidente primero de Federaci\u00f3n Agraria Argentina Jos\u00e9 Luis Volando, se refiri\u00f3 al anuncio del Gobierno de Javier Milei, que decidi\u00f3 bajar parcialmente y por seis meses las retenciones al complejo agroexportador y, si bien destac\u00f3 la medida como positiva, asegur\u00f3 que \u201cno hablan el mismo idioma\u201d con la gesti\u00f3n libertaria.<\/p>\n\n\n\n<p>Volando&nbsp;asegur\u00f3 que para abordar el tema es fundamental tener en cuenta que las retenciones inicialmente se aplicaron a un valor de la soja alto y alta producci\u00f3n, pero que en la actualidad el panorama es completamente diferente<\/p>\n\n\n\n<p>\u201cHace un tiempo ven\u00edamos hablando con el Gobierno sobre que \u00edbamos a llegar a la cosecha con la producci\u00f3n muy ca\u00edda y los productores en total quebranto. As\u00ed que parece ser que tomaron alguna iniciativa\u201d, afirm\u00f3.<\/p>\n\n\n\n<p>Pero la medida no fue la que esperaban. \u201cEl Gobierno se adelant\u00f3 a la reuni\u00f3n que \u00edbamos a tener el 6 de febrero con Caputo para que no le marcaran la cancha. Ten\u00edamos algunas propuestas, pero ellos salieron con una propuesta propia, lo que no deja de estar mal. Pensamos que se tiene que seguir hablando\u201d.<\/p>\n","protected":false},"excerpt":{"rendered":"<p>El vicepresidente primero de Federaci\u00f3n Agraria Argentina Jos\u00e9 Luis Volando, se refiri\u00f3 al anuncio del Gobierno de Javier Milei, que decidi\u00f3 bajar parcialmente y por seis meses las retenciones al complejo agroexportador&#8230;<\/p>\n","protected":false},"author":1,"featured_media":5401,"comment_status":"open","ping_status":"open","sticky":false,"template":"","format":"standard","meta":{"footnotes":""},"categories":[3],"tags":[],"class_list":["post-5400","post","type-post","status-publish","format-standard","has-post-thumbnail","hentry","category-general"],"_links":{"self":[{"href":"https:\/\/emisoracolon.com.ar\/index.php\/wp-json\/wp\/v2\/posts\/5400","targetHints":{"allow":["GET"]}}],"collection":[{"href":"https:\/\/emisoracolon.com.ar\/index.php\/wp-json\/wp\/v2\/posts"}],"about":[{"href":"https:\/\/emisoracolon.com.ar\/index.php\/wp-json\/wp\/v2\/types\/post"}],"author":[{"embeddable":true,"href":"https:\/\/emisoracolon.com.ar\/index.php\/wp-json\/wp\/v2\/users\/1"}],"replies":[{"embeddable":true,"href":"https:\/\/emisoracolon.com.ar\/index.php\/wp-json\/wp\/v2\/comments?post=5400"}],"version-history":[{"count":1,"href":"https:\/\/emisoracolon.com.ar\/index.php\/wp-json\/wp\/v2\/posts\/5400\/revisions"}],"predecessor-version":[{"id":5402,"href":"https:\/\/emisoracolon.com.ar\/index.php\/wp-json\/wp\/v2\/posts\/5400\/revisions\/5402"}],"wp:featuredmedia":[{"embeddable":true,"href":"https:\/\/emisoracolon.com.ar\/index.php\/wp-json\/wp\/v2\/media\/5401"}],"wp:attachment":[{"href":"https:\/\/emisoracolon.com.ar\/index.php\/wp-json\/wp\/v2\/media?parent=5400"}],"wp:term":[{"taxonomy":"category","embeddable":true,"href":"https:\/\/emisoracolon.com.ar\/index.php\/wp-json\/wp\/v2\/categories?post=5400"},{"taxonomy":"post_tag","embeddable":true,"href":"https:\/\/emisoracolon.com.ar\/index.php\/wp-json\/wp\/v2\/tags?post=5400"}],"curies":[{"name":"wp","href":"https:\/\/api.w.org\/{rel}","templated":true}]}}