{"id":5388,"date":"2025-01-28T17:34:22","date_gmt":"2025-01-28T20:34:22","guid":{"rendered":"https:\/\/emisoracolon.com.ar\/?p=5388"},"modified":"2025-01-28T17:34:22","modified_gmt":"2025-01-28T20:34:22","slug":"prevencion-en-salud-en-escuelas-abiertas-en-verano","status":"publish","type":"post","link":"https:\/\/emisoracolon.com.ar\/index.php\/2025\/01\/28\/prevencion-en-salud-en-escuelas-abiertas-en-verano\/","title":{"rendered":"Prevenci\u00f3n en salud en Escuelas Abiertas en Verano"},"content":{"rendered":"\n<p>El programa &#8220;Escuelas Abiertas en Verano&#8221; incluy\u00f3 ayer y hoy por la ma\u00f1ana un importante taller de prevenci\u00f3n en salud, enfocado en la promoci\u00f3n de h\u00e1bitos saludables y la higiene bucal. Este encuentro fue dise\u00f1ado para fomentar la adopci\u00f3n de pr\u00e1cticas cotidianas que mejoren el bienestar de los alumnos y alumnas.<\/p>\n\n\n\n<p>El taller tuvo lugar en las tres sedes habilitadas del programa: EP1, EP2 y EP4, y cont\u00f3 con la participaci\u00f3n de ni\u00f1os, ni\u00f1as y adolescentes de entre 3 y 18 a\u00f1os. Durante las actividades, se realizaron din\u00e1micas interactivas para ense\u00f1ar la importancia de una alimentaci\u00f3n equilibrada, la correcta hidrataci\u00f3n, el ejercicio f\u00edsico regular y el cuidado de la higiene personal.<\/p>\n\n\n\n<p>En el segmento de higiene bucal, profesionales de la salud explicaron t\u00e9cnicas adecuadas de cepillado, la importancia del uso del hilo dental y el enjuague bucal, as\u00ed como la necesidad de realizar controles odontol\u00f3gicos peri\u00f3dicos. Adem\u00e1s, entregaron kits de cuidado dental que incluyeron cepillos, pastas dentales y folletos informativos.<\/p>\n\n\n\n<p>Las actividades fueron acompa\u00f1adas por docentes y coordinadores del programa, quienes destacaron el entusiasmo de los estudiantes y su inter\u00e9s en aprender sobre pr\u00e1cticas saludables. El objetivo central del taller fue sensibilizar a los participantes y sus familias sobre la relevancia de adoptar h\u00e1bitos de vida que contribuyan a prevenir enfermedades y promover un desarrollo saludable.<\/p>\n\n\n\n<p>Este tipo de iniciativas subraya el compromiso de &#8220;Escuelas Abiertas en Verano&#8221; con la educaci\u00f3n integral de ni\u00f1os y j\u00f3venes, al integrar la promoci\u00f3n de la salud como un eje fundamental en su propuesta educativa.<\/p>\n","protected":false},"excerpt":{"rendered":"<p>El programa &#8220;Escuelas Abiertas en Verano&#8221; incluy\u00f3 ayer y hoy por la ma\u00f1ana un importante taller de prevenci\u00f3n en salud, enfocado en la promoci\u00f3n de h\u00e1bitos saludables y la higiene bucal. Este&#8230;<\/p>\n","protected":false},"author":1,"featured_media":5389,"comment_status":"open","ping_status":"open","sticky":false,"template":"","format":"standard","meta":{"footnotes":""},"categories":[7,3],"tags":[],"class_list":["post-5388","post","type-post","status-publish","format-standard","has-post-thumbnail","hentry","category-cultura","category-general"],"_links":{"self":[{"href":"https:\/\/emisoracolon.com.ar\/index.php\/wp-json\/wp\/v2\/posts\/5388","targetHints":{"allow":["GET"]}}],"collection":[{"href":"https:\/\/emisoracolon.com.ar\/index.php\/wp-json\/wp\/v2\/posts"}],"about":[{"href":"https:\/\/emisoracolon.com.ar\/index.php\/wp-json\/wp\/v2\/types\/post"}],"author":[{"embeddable":true,"href":"https:\/\/emisoracolon.com.ar\/index.php\/wp-json\/wp\/v2\/users\/1"}],"replies":[{"embeddable":true,"href":"https:\/\/emisoracolon.com.ar\/index.php\/wp-json\/wp\/v2\/comments?post=5388"}],"version-history":[{"count":1,"href":"https:\/\/emisoracolon.com.ar\/index.php\/wp-json\/wp\/v2\/posts\/5388\/revisions"}],"predecessor-version":[{"id":5390,"href":"https:\/\/emisoracolon.com.ar\/index.php\/wp-json\/wp\/v2\/posts\/5388\/revisions\/5390"}],"wp:featuredmedia":[{"embeddable":true,"href":"https:\/\/emisoracolon.com.ar\/index.php\/wp-json\/wp\/v2\/media\/5389"}],"wp:attachment":[{"href":"https:\/\/emisoracolon.com.ar\/index.php\/wp-json\/wp\/v2\/media?parent=5388"}],"wp:term":[{"taxonomy":"category","embeddable":true,"href":"https:\/\/emisoracolon.com.ar\/index.php\/wp-json\/wp\/v2\/categories?post=5388"},{"taxonomy":"post_tag","embeddable":true,"href":"https:\/\/emisoracolon.com.ar\/index.php\/wp-json\/wp\/v2\/tags?post=5388"}],"curies":[{"name":"wp","href":"https:\/\/api.w.org\/{rel}","templated":true}]}}