{"id":5377,"date":"2025-01-27T18:11:09","date_gmt":"2025-01-27T21:11:09","guid":{"rendered":"https:\/\/emisoracolon.com.ar\/?p=5377"},"modified":"2025-01-27T18:11:09","modified_gmt":"2025-01-27T21:11:09","slug":"obras-en-la-escuela-de-el-arbolito","status":"publish","type":"post","link":"https:\/\/emisoracolon.com.ar\/index.php\/2025\/01\/27\/obras-en-la-escuela-de-el-arbolito\/","title":{"rendered":"Obras en la escuela de El Arbolito"},"content":{"rendered":"\n<p>Contin\u00faan avanzando las obras de mejora en la Escuela Primaria N\u00b0 5 y la Escuela Secundaria N\u00b0 6 de El Arbolito, tras la apertura de sobres y adjudicaci\u00f3n realizada a comienzos de diciembre. Los trabajos incluyen la construcci\u00f3n de nuevos ba\u00f1os para estudiantes, un ba\u00f1o adaptado y otro para docentes, una cocina, un aula adicional y la reparaci\u00f3n de un pasillo.<\/p>\n\n\n\n<p>Aunque la licitaci\u00f3n original establec\u00eda un presupuesto cercano a los 111 millones de pesos, desde la Municipalidad informaron que la inversi\u00f3n total asciende a 180 millones. Esta obra es el resultado de un esfuerzo conjunto entre la Municipalidad, el Consejo Escolar y el gobierno de la Provincia de Buenos Aires.<\/p>\n\n\n\n<p>El intendente Waldemar Giordano visit\u00f3 recientemente el lugar para supervisar el avance de los trabajos y destac\u00f3 el compromiso de la gesti\u00f3n con la educaci\u00f3n p\u00fablica. \u201cLa educaci\u00f3n es un derecho social fundamental, clave para lograr la equidad, el desarrollo econ\u00f3mico y la cohesi\u00f3n social\u201d, afirm\u00f3 Giordano, subrayando la importancia de garantizar espacios educativos adecuados para todos los estudiantes.<\/p>\n\n\n\n<p>Estas mejoras reflejan el compromiso con la calidad educativa y el fortalecimiento de las instituciones p\u00fablicas de la comunidad.<\/p>\n","protected":false},"excerpt":{"rendered":"<p>Contin\u00faan avanzando las obras de mejora en la Escuela Primaria N\u00b0 5 y la Escuela Secundaria N\u00b0 6 de El Arbolito, tras la apertura de sobres y adjudicaci\u00f3n realizada a comienzos de&#8230;<\/p>\n","protected":false},"author":1,"featured_media":5378,"comment_status":"open","ping_status":"open","sticky":false,"template":"","format":"standard","meta":{"footnotes":""},"categories":[3],"tags":[],"class_list":["post-5377","post","type-post","status-publish","format-standard","has-post-thumbnail","hentry","category-general"],"_links":{"self":[{"href":"https:\/\/emisoracolon.com.ar\/index.php\/wp-json\/wp\/v2\/posts\/5377","targetHints":{"allow":["GET"]}}],"collection":[{"href":"https:\/\/emisoracolon.com.ar\/index.php\/wp-json\/wp\/v2\/posts"}],"about":[{"href":"https:\/\/emisoracolon.com.ar\/index.php\/wp-json\/wp\/v2\/types\/post"}],"author":[{"embeddable":true,"href":"https:\/\/emisoracolon.com.ar\/index.php\/wp-json\/wp\/v2\/users\/1"}],"replies":[{"embeddable":true,"href":"https:\/\/emisoracolon.com.ar\/index.php\/wp-json\/wp\/v2\/comments?post=5377"}],"version-history":[{"count":1,"href":"https:\/\/emisoracolon.com.ar\/index.php\/wp-json\/wp\/v2\/posts\/5377\/revisions"}],"predecessor-version":[{"id":5379,"href":"https:\/\/emisoracolon.com.ar\/index.php\/wp-json\/wp\/v2\/posts\/5377\/revisions\/5379"}],"wp:featuredmedia":[{"embeddable":true,"href":"https:\/\/emisoracolon.com.ar\/index.php\/wp-json\/wp\/v2\/media\/5378"}],"wp:attachment":[{"href":"https:\/\/emisoracolon.com.ar\/index.php\/wp-json\/wp\/v2\/media?parent=5377"}],"wp:term":[{"taxonomy":"category","embeddable":true,"href":"https:\/\/emisoracolon.com.ar\/index.php\/wp-json\/wp\/v2\/categories?post=5377"},{"taxonomy":"post_tag","embeddable":true,"href":"https:\/\/emisoracolon.com.ar\/index.php\/wp-json\/wp\/v2\/tags?post=5377"}],"curies":[{"name":"wp","href":"https:\/\/api.w.org\/{rel}","templated":true}]}}