{"id":5374,"date":"2025-01-27T18:10:39","date_gmt":"2025-01-27T21:10:39","guid":{"rendered":"https:\/\/emisoracolon.com.ar\/?p=5374"},"modified":"2025-01-27T18:10:39","modified_gmt":"2025-01-27T21:10:39","slug":"noche-en-el-museo-de-la-ciudad","status":"publish","type":"post","link":"https:\/\/emisoracolon.com.ar\/index.php\/2025\/01\/27\/noche-en-el-museo-de-la-ciudad\/","title":{"rendered":"Noche en el Museo de la Ciudad"},"content":{"rendered":"\n<p>El s\u00e1bado por la noche, el and\u00e9n de la estaci\u00f3n de trenes se convirti\u00f3 en el escenario de un evento \u00fanico que combin\u00f3 historia y m\u00fasica en vivo. La propuesta, denominada &#8220;Noche en el Museo&#8221;, tuvo como objetivo principal reunir a los vecinos y, en muchos casos, redescubrir parte de nuestra identidad como ciudad, a trav\u00e9s de un recorrido por las instalaciones del Museo de la Ciudad.<\/p>\n\n\n\n<p>Adem\u00e1s del atractivo hist\u00f3rico, la velada se complement\u00f3 con presentaciones musicales en vivo, creando un ambiente acogedor y lleno de cultura.<\/p>\n\n\n\n<p>El evento cont\u00f3 con la presencia de autoridades municipales, entre ellas el intendente Waldemar Giordano, quien destac\u00f3 la importancia de estas iniciativas como parte de las actividades de verano. Giordano remarc\u00f3 que la &#8220;Noche en el Museo&#8221; busca fortalecer el v\u00ednculo de la comunidad con sus ra\u00edces y promover el Museo de la Ciudad como un espacio lleno de historias fascinantes.<\/p>\n\n\n\n<p>La propuesta dej\u00f3 una marca positiva en los asistentes, consolid\u00e1ndose como una invitaci\u00f3n a celebrar la cultura e identidad local en un entorno \u00fanico.<\/p>\n","protected":false},"excerpt":{"rendered":"<p>El s\u00e1bado por la noche, el and\u00e9n de la estaci\u00f3n de trenes se convirti\u00f3 en el escenario de un evento \u00fanico que combin\u00f3 historia y m\u00fasica en vivo. La propuesta, denominada &#8220;Noche&#8230;<\/p>\n","protected":false},"author":1,"featured_media":5375,"comment_status":"open","ping_status":"open","sticky":false,"template":"","format":"standard","meta":{"footnotes":""},"categories":[7,3],"tags":[],"class_list":["post-5374","post","type-post","status-publish","format-standard","has-post-thumbnail","hentry","category-cultura","category-general"],"_links":{"self":[{"href":"https:\/\/emisoracolon.com.ar\/index.php\/wp-json\/wp\/v2\/posts\/5374","targetHints":{"allow":["GET"]}}],"collection":[{"href":"https:\/\/emisoracolon.com.ar\/index.php\/wp-json\/wp\/v2\/posts"}],"about":[{"href":"https:\/\/emisoracolon.com.ar\/index.php\/wp-json\/wp\/v2\/types\/post"}],"author":[{"embeddable":true,"href":"https:\/\/emisoracolon.com.ar\/index.php\/wp-json\/wp\/v2\/users\/1"}],"replies":[{"embeddable":true,"href":"https:\/\/emisoracolon.com.ar\/index.php\/wp-json\/wp\/v2\/comments?post=5374"}],"version-history":[{"count":1,"href":"https:\/\/emisoracolon.com.ar\/index.php\/wp-json\/wp\/v2\/posts\/5374\/revisions"}],"predecessor-version":[{"id":5376,"href":"https:\/\/emisoracolon.com.ar\/index.php\/wp-json\/wp\/v2\/posts\/5374\/revisions\/5376"}],"wp:featuredmedia":[{"embeddable":true,"href":"https:\/\/emisoracolon.com.ar\/index.php\/wp-json\/wp\/v2\/media\/5375"}],"wp:attachment":[{"href":"https:\/\/emisoracolon.com.ar\/index.php\/wp-json\/wp\/v2\/media?parent=5374"}],"wp:term":[{"taxonomy":"category","embeddable":true,"href":"https:\/\/emisoracolon.com.ar\/index.php\/wp-json\/wp\/v2\/categories?post=5374"},{"taxonomy":"post_tag","embeddable":true,"href":"https:\/\/emisoracolon.com.ar\/index.php\/wp-json\/wp\/v2\/tags?post=5374"}],"curies":[{"name":"wp","href":"https:\/\/api.w.org\/{rel}","templated":true}]}}