{"id":5372,"date":"2025-01-27T18:06:48","date_gmt":"2025-01-27T21:06:48","guid":{"rendered":"https:\/\/emisoracolon.com.ar\/?p=5372"},"modified":"2025-01-27T18:06:48","modified_gmt":"2025-01-27T21:06:48","slug":"fallecimientos-9","status":"publish","type":"post","link":"https:\/\/emisoracolon.com.ar\/index.php\/2025\/01\/27\/fallecimientos-9\/","title":{"rendered":"Fallecimientos"},"content":{"rendered":"\n<p>FALLECIO DANIEL JORGE KNEZEVICH EL DIA 26\/01\/2025 A LOS 80 A\u00d1OS DE EDAD, SUS RESTOS NO FUERON VELADOS Y RECIBIERON SEPULTURA EL DIA 27\/01\/2025 A LAS 8:00 HS. EN CEMENTERIO PARQUE EL PRADO DONDE LUEGO SERAN CREMADOS, CASA DE DUELO 11 E\/ 47 Y 48. ADHERIDO A CEC.<\/p>\n\n\n\n<p>Ayer a las 09:30 recibi\u00f3 sepultura en el Cementerio Parque El Prado, Mar\u00eda Cristina Perez que falleci\u00f3 a los 63 a\u00f1os. Casa de duelo en 58 entre 13 y 14 Servicio adherido al Servicio de Sepelio de la Cooperativa El\u00e9ctrica de Col\u00f3n.<\/p>\n","protected":false},"excerpt":{"rendered":"<p>FALLECIO DANIEL JORGE KNEZEVICH EL DIA 26\/01\/2025 A LOS 80 A\u00d1OS DE EDAD, SUS RESTOS NO FUERON VELADOS Y RECIBIERON SEPULTURA EL DIA 27\/01\/2025 A LAS 8:00 HS. EN CEMENTERIO PARQUE EL&#8230;<\/p>\n","protected":false},"author":1,"featured_media":3438,"comment_status":"open","ping_status":"open","sticky":false,"template":"","format":"standard","meta":{"footnotes":""},"categories":[8],"tags":[],"class_list":["post-5372","post","type-post","status-publish","format-standard","has-post-thumbnail","hentry","category-necrologicas"],"_links":{"self":[{"href":"https:\/\/emisoracolon.com.ar\/index.php\/wp-json\/wp\/v2\/posts\/5372","targetHints":{"allow":["GET"]}}],"collection":[{"href":"https:\/\/emisoracolon.com.ar\/index.php\/wp-json\/wp\/v2\/posts"}],"about":[{"href":"https:\/\/emisoracolon.com.ar\/index.php\/wp-json\/wp\/v2\/types\/post"}],"author":[{"embeddable":true,"href":"https:\/\/emisoracolon.com.ar\/index.php\/wp-json\/wp\/v2\/users\/1"}],"replies":[{"embeddable":true,"href":"https:\/\/emisoracolon.com.ar\/index.php\/wp-json\/wp\/v2\/comments?post=5372"}],"version-history":[{"count":1,"href":"https:\/\/emisoracolon.com.ar\/index.php\/wp-json\/wp\/v2\/posts\/5372\/revisions"}],"predecessor-version":[{"id":5373,"href":"https:\/\/emisoracolon.com.ar\/index.php\/wp-json\/wp\/v2\/posts\/5372\/revisions\/5373"}],"wp:featuredmedia":[{"embeddable":true,"href":"https:\/\/emisoracolon.com.ar\/index.php\/wp-json\/wp\/v2\/media\/3438"}],"wp:attachment":[{"href":"https:\/\/emisoracolon.com.ar\/index.php\/wp-json\/wp\/v2\/media?parent=5372"}],"wp:term":[{"taxonomy":"category","embeddable":true,"href":"https:\/\/emisoracolon.com.ar\/index.php\/wp-json\/wp\/v2\/categories?post=5372"},{"taxonomy":"post_tag","embeddable":true,"href":"https:\/\/emisoracolon.com.ar\/index.php\/wp-json\/wp\/v2\/tags?post=5372"}],"curies":[{"name":"wp","href":"https:\/\/api.w.org\/{rel}","templated":true}]}}