{"id":5370,"date":"2025-01-27T18:05:43","date_gmt":"2025-01-27T21:05:43","guid":{"rendered":"https:\/\/emisoracolon.com.ar\/?p=5370"},"modified":"2025-01-27T18:05:43","modified_gmt":"2025-01-27T21:05:43","slug":"en-marzo-vuelve-el-canotaje-nacional-al-lago","status":"publish","type":"post","link":"https:\/\/emisoracolon.com.ar\/index.php\/2025\/01\/27\/en-marzo-vuelve-el-canotaje-nacional-al-lago\/","title":{"rendered":"En marzo vuelve el canotaje nacional al Lago"},"content":{"rendered":"\n<p>Desde la Federaci\u00f3n de Canotaje publicaron que entre 6 al 9 de marzo est\u00e1 previsto que se lleve a cabo en nuestra ciudad el Campeonato Argentino de varias especialidades, Velocidad de Mayores, Senior, Sub 23-junior-cadete. Tambi\u00e9n, se desarrollar\u00e1 el Selectivo Nacional Senior -Sub 23, Sub 21, Juniors, cadete y menores.<\/p>\n\n\n\n<p>Recordemos que la actividad tiene como antecedente el Campeonato Argentino de Menores y Promocionales de Canotaje 2024 que tambi\u00e9n se realiz\u00f3 en nuestra ciudad. Tuvo lugar en el Lago Municipal y la Villa Deportiva de Col\u00f3n.<\/p>\n\n\n\n<p>El campeonato fue una competencia de kayak y canoa para j\u00f3venes de todo el pa\u00eds<\/p>\n","protected":false},"excerpt":{"rendered":"<p>Desde la Federaci\u00f3n de Canotaje publicaron que entre 6 al 9 de marzo est\u00e1 previsto que se lleve a cabo en nuestra ciudad el Campeonato Argentino de varias especialidades, Velocidad de Mayores,&#8230;<\/p>\n","protected":false},"author":1,"featured_media":1964,"comment_status":"open","ping_status":"open","sticky":false,"template":"","format":"standard","meta":{"footnotes":""},"categories":[6],"tags":[],"class_list":["post-5370","post","type-post","status-publish","format-standard","has-post-thumbnail","hentry","category-deportes"],"_links":{"self":[{"href":"https:\/\/emisoracolon.com.ar\/index.php\/wp-json\/wp\/v2\/posts\/5370","targetHints":{"allow":["GET"]}}],"collection":[{"href":"https:\/\/emisoracolon.com.ar\/index.php\/wp-json\/wp\/v2\/posts"}],"about":[{"href":"https:\/\/emisoracolon.com.ar\/index.php\/wp-json\/wp\/v2\/types\/post"}],"author":[{"embeddable":true,"href":"https:\/\/emisoracolon.com.ar\/index.php\/wp-json\/wp\/v2\/users\/1"}],"replies":[{"embeddable":true,"href":"https:\/\/emisoracolon.com.ar\/index.php\/wp-json\/wp\/v2\/comments?post=5370"}],"version-history":[{"count":1,"href":"https:\/\/emisoracolon.com.ar\/index.php\/wp-json\/wp\/v2\/posts\/5370\/revisions"}],"predecessor-version":[{"id":5371,"href":"https:\/\/emisoracolon.com.ar\/index.php\/wp-json\/wp\/v2\/posts\/5370\/revisions\/5371"}],"wp:featuredmedia":[{"embeddable":true,"href":"https:\/\/emisoracolon.com.ar\/index.php\/wp-json\/wp\/v2\/media\/1964"}],"wp:attachment":[{"href":"https:\/\/emisoracolon.com.ar\/index.php\/wp-json\/wp\/v2\/media?parent=5370"}],"wp:term":[{"taxonomy":"category","embeddable":true,"href":"https:\/\/emisoracolon.com.ar\/index.php\/wp-json\/wp\/v2\/categories?post=5370"},{"taxonomy":"post_tag","embeddable":true,"href":"https:\/\/emisoracolon.com.ar\/index.php\/wp-json\/wp\/v2\/tags?post=5370"}],"curies":[{"name":"wp","href":"https:\/\/api.w.org\/{rel}","templated":true}]}}