{"id":5366,"date":"2025-01-24T18:29:48","date_gmt":"2025-01-24T21:29:48","guid":{"rendered":"https:\/\/emisoracolon.com.ar\/?p=5366"},"modified":"2025-01-24T18:29:48","modified_gmt":"2025-01-24T21:29:48","slug":"julio-alvarez-reparar-todos-los-pozos","status":"publish","type":"post","link":"https:\/\/emisoracolon.com.ar\/index.php\/2025\/01\/24\/julio-alvarez-reparar-todos-los-pozos\/","title":{"rendered":"Julio Alvarez &#8211; Reparar, todos los pozos"},"content":{"rendered":"\n<p>Julio \u00c1lvarez cuestiona la calidad del Plan Reparar y exige mayores controles<\/p>\n\n\n\n<p>El concejal de Juntos por el Cambio, Julio \u00c1lvarez, realiz\u00f3 un an\u00e1lisis cr\u00edtico del Plan Reparar de la Municipalidad de Col\u00f3n tras los primeros meses de implementaci\u00f3n. Seg\u00fan el edil, los trabajos realizados no son duraderos debido a la falta de calidad en las obras y a la ausencia de controles adecuados.<\/p>\n\n\n\n<p>&#8220;Generalmente hago reclamos sobre el Plan Reparar desde el Concejo Deliberante. En la obra p\u00fablica hay un ingeniero que sabe c\u00f3mo trabajar, pero noto que se preparan los pisos, pero los pozos no se tapan correctamente. Luego se presenta como obra terminada, pero no es as\u00ed&#8221;, afirm\u00f3 \u00c1lvarez.<\/p>\n\n\n\n<p>El concejal ejemplific\u00f3 su denuncia con casos concretos: &#8220;En el cruce de las calles 55 y 21 repararon todo, pero dejaron un pozo bastante grande en el medio. Si est\u00e1n trabajando a dos o tres metros, \u00bfpor qu\u00e9 no arreglan el bache que est\u00e1 al lado? Otro caso es el cruce de 50 y 129. Reparan la calle 50, pero la 129, que est\u00e1 a pocos metros, sigue con pozos visibles. La gente que transita en auto o moto tiene que hacer malabares para no romper sus veh\u00edculos&#8221;.<\/p>\n\n\n\n<p>\u00c1lvarez tambi\u00e9n mencion\u00f3 problemas similares en otros puntos de la ciudad. &#8220;En 40 y 23 se hizo mucha propaganda de que las reparaciones estaban completas, pero los cr\u00e1teres siguen ah\u00ed. Incluso hubo accidentes de vecinos en moto y bicicleta. Dicen que colocan algo de granza y ya est\u00e1, pero esos pozos son enormes&#8221;.<\/p>\n\n\n\n<p>En cuanto a su evaluaci\u00f3n general del Plan Reparar, el edil lo calific\u00f3 con un &#8220;50 y 50&#8221;. &#8220;Si toman una calle para arreglarla, deber\u00edan completarla de punta a punta. Pero dejan cuadras a medias y, con el tiempo, los pozos que no reparan se convierten en cr\u00e1teres. En 55, entre 13 y 14, hicieron propaganda de que estaba terminado, pero hubo que insistir mucho para que lo arreglaran de verdad&#8221;.<\/p>\n\n\n\n<p>Adem\u00e1s, \u00c1lvarez destac\u00f3 la falta de atenci\u00f3n en zonas espec\u00edficas: &#8220;En las calles 135, de 42 a 46, se forman piletones cuando llueve. Los vecinos tienen serias dificultades para salir de sus casas, especialmente aquellos que no cuentan con veh\u00edculos&#8221;. Tambi\u00e9n mencion\u00f3 el caso de la calle 13, entre 58 y 59, donde el corrimiento de agua provoca que la calzada quede m\u00e1s baja que el cord\u00f3n, formando charcos permanentes.<\/p>\n\n\n\n<p>Para finalizar, el concejal enfatiz\u00f3 que sus reclamos son constantes, pero la respuesta es lenta. &#8220;Presentamos minutas en el Concejo, pero muchas veces se demoran en las comisiones. Por eso creo que es necesario hacer p\u00fablico lo que est\u00e1 pasando para que se tomen medidas&#8221;.<\/p>\n","protected":false},"excerpt":{"rendered":"<p>Julio \u00c1lvarez cuestiona la calidad del Plan Reparar y exige mayores controles El concejal de Juntos por el Cambio, Julio \u00c1lvarez, realiz\u00f3 un an\u00e1lisis cr\u00edtico del Plan Reparar de la Municipalidad de&#8230;<\/p>\n","protected":false},"author":1,"featured_media":2073,"comment_status":"open","ping_status":"open","sticky":false,"template":"","format":"standard","meta":{"footnotes":""},"categories":[3],"tags":[],"class_list":["post-5366","post","type-post","status-publish","format-standard","has-post-thumbnail","hentry","category-general"],"_links":{"self":[{"href":"https:\/\/emisoracolon.com.ar\/index.php\/wp-json\/wp\/v2\/posts\/5366","targetHints":{"allow":["GET"]}}],"collection":[{"href":"https:\/\/emisoracolon.com.ar\/index.php\/wp-json\/wp\/v2\/posts"}],"about":[{"href":"https:\/\/emisoracolon.com.ar\/index.php\/wp-json\/wp\/v2\/types\/post"}],"author":[{"embeddable":true,"href":"https:\/\/emisoracolon.com.ar\/index.php\/wp-json\/wp\/v2\/users\/1"}],"replies":[{"embeddable":true,"href":"https:\/\/emisoracolon.com.ar\/index.php\/wp-json\/wp\/v2\/comments?post=5366"}],"version-history":[{"count":1,"href":"https:\/\/emisoracolon.com.ar\/index.php\/wp-json\/wp\/v2\/posts\/5366\/revisions"}],"predecessor-version":[{"id":5367,"href":"https:\/\/emisoracolon.com.ar\/index.php\/wp-json\/wp\/v2\/posts\/5366\/revisions\/5367"}],"wp:featuredmedia":[{"embeddable":true,"href":"https:\/\/emisoracolon.com.ar\/index.php\/wp-json\/wp\/v2\/media\/2073"}],"wp:attachment":[{"href":"https:\/\/emisoracolon.com.ar\/index.php\/wp-json\/wp\/v2\/media?parent=5366"}],"wp:term":[{"taxonomy":"category","embeddable":true,"href":"https:\/\/emisoracolon.com.ar\/index.php\/wp-json\/wp\/v2\/categories?post=5366"},{"taxonomy":"post_tag","embeddable":true,"href":"https:\/\/emisoracolon.com.ar\/index.php\/wp-json\/wp\/v2\/tags?post=5366"}],"curies":[{"name":"wp","href":"https:\/\/api.w.org\/{rel}","templated":true}]}}