{"id":5364,"date":"2025-01-24T18:27:46","date_gmt":"2025-01-24T21:27:46","guid":{"rendered":"https:\/\/emisoracolon.com.ar\/?p=5364"},"modified":"2025-01-24T18:27:46","modified_gmt":"2025-01-24T21:27:46","slug":"integrantes-de-estrellas-amarillas-se-reunieron-con-autoridades-municipales","status":"publish","type":"post","link":"https:\/\/emisoracolon.com.ar\/index.php\/2025\/01\/24\/integrantes-de-estrellas-amarillas-se-reunieron-con-autoridades-municipales\/","title":{"rendered":"Integrantes de Estrellas Amarillas se reunieron con autoridades municipales"},"content":{"rendered":"\n<p>Desde la Municipalidad informaron que se llev\u00f3 a cabo una reuni\u00f3n con integrantes del Grupo Estrellas Amarillas de Col\u00f3n, con el objetivo de coordinar acciones conjuntas para abordar la problem\u00e1tica del tr\u00e1nsito y fortalecer la prevenci\u00f3n de accidentes en la ciudad.<\/p>\n\n\n\n<p>Durante el encuentro, se destac\u00f3 que las estrellas amarillas, si bien son un s\u00edmbolo que marca los lugares donde ocurrieron accidentes de tr\u00e1nsito con v\u00edctimas fatales, representan principalmente un llamado a la conciencia sobre la necesidad de respetar las normas de tr\u00e1nsito y conducir de manera responsable.<\/p>\n\n\n\n<p>La reuni\u00f3n cont\u00f3 con la participaci\u00f3n de diversas \u00e1reas municipales, aunque las acciones y la planificaci\u00f3n estuvieron principalmente a cargo de la Direcci\u00f3n de Tr\u00e1nsito y la Secretar\u00eda de Salud. Seg\u00fan se inform\u00f3, el encuentro fue muy positivo y permiti\u00f3 acordar l\u00edneas de trabajo concretas para promover un tr\u00e1nsito m\u00e1s seguro.<\/p>\n\n\n\n<p>Sin embargo, todas las partes coincidieron en un punto clave: m\u00e1s all\u00e1 de las pol\u00edticas p\u00fablicas y las iniciativas preventivas impulsadas por Estrellas Amarillas, es fundamental el compromiso activo de la ciudadan\u00eda para avanzar hacia un tr\u00e1nsito m\u00e1s ordenado y responsable.<\/p>\n","protected":false},"excerpt":{"rendered":"<p>Desde la Municipalidad informaron que se llev\u00f3 a cabo una reuni\u00f3n con integrantes del Grupo Estrellas Amarillas de Col\u00f3n, con el objetivo de coordinar acciones conjuntas para abordar la problem\u00e1tica del tr\u00e1nsito&#8230;<\/p>\n","protected":false},"author":1,"featured_media":4501,"comment_status":"open","ping_status":"open","sticky":false,"template":"","format":"standard","meta":{"footnotes":""},"categories":[3],"tags":[],"class_list":["post-5364","post","type-post","status-publish","format-standard","has-post-thumbnail","hentry","category-general"],"_links":{"self":[{"href":"https:\/\/emisoracolon.com.ar\/index.php\/wp-json\/wp\/v2\/posts\/5364","targetHints":{"allow":["GET"]}}],"collection":[{"href":"https:\/\/emisoracolon.com.ar\/index.php\/wp-json\/wp\/v2\/posts"}],"about":[{"href":"https:\/\/emisoracolon.com.ar\/index.php\/wp-json\/wp\/v2\/types\/post"}],"author":[{"embeddable":true,"href":"https:\/\/emisoracolon.com.ar\/index.php\/wp-json\/wp\/v2\/users\/1"}],"replies":[{"embeddable":true,"href":"https:\/\/emisoracolon.com.ar\/index.php\/wp-json\/wp\/v2\/comments?post=5364"}],"version-history":[{"count":1,"href":"https:\/\/emisoracolon.com.ar\/index.php\/wp-json\/wp\/v2\/posts\/5364\/revisions"}],"predecessor-version":[{"id":5365,"href":"https:\/\/emisoracolon.com.ar\/index.php\/wp-json\/wp\/v2\/posts\/5364\/revisions\/5365"}],"wp:featuredmedia":[{"embeddable":true,"href":"https:\/\/emisoracolon.com.ar\/index.php\/wp-json\/wp\/v2\/media\/4501"}],"wp:attachment":[{"href":"https:\/\/emisoracolon.com.ar\/index.php\/wp-json\/wp\/v2\/media?parent=5364"}],"wp:term":[{"taxonomy":"category","embeddable":true,"href":"https:\/\/emisoracolon.com.ar\/index.php\/wp-json\/wp\/v2\/categories?post=5364"},{"taxonomy":"post_tag","embeddable":true,"href":"https:\/\/emisoracolon.com.ar\/index.php\/wp-json\/wp\/v2\/tags?post=5364"}],"curies":[{"name":"wp","href":"https:\/\/api.w.org\/{rel}","templated":true}]}}