{"id":5362,"date":"2025-01-24T18:27:08","date_gmt":"2025-01-24T21:27:08","guid":{"rendered":"https:\/\/emisoracolon.com.ar\/?p=5362"},"modified":"2025-01-24T18:27:08","modified_gmt":"2025-01-24T21:27:08","slug":"villa-explico-porque-falta-agua","status":"publish","type":"post","link":"https:\/\/emisoracolon.com.ar\/index.php\/2025\/01\/24\/villa-explico-porque-falta-agua\/","title":{"rendered":"Villa explic\u00f3 porque falta agua"},"content":{"rendered":"\n<p>Marcelo Villa, concejal de Juntos por el Cambio, plante\u00f3 un diagn\u00f3stico exhaustivo sobre los problemas de agua corriente en Col\u00f3n y las acciones necesarias para solucionarlos. A continuaci\u00f3n, algunos puntos destacados de sus declaraciones:<\/p>\n\n\n\n<p>1. Problemas estructurales y de mantenimiento:<\/p>\n\n\n\n<p>\u25e6 El sistema de agua de Col\u00f3n tiene m\u00e1s de 50 a\u00f1os y no ha recibido el mantenimiento adecuado, lo que genera baja presi\u00f3n y numerosas p\u00e9rdidas en la red.<\/p>\n\n\n\n<p>\u25e6 Existen bombas (la 23 y 24) que quedaron sin instalar desde 2021 y una falta de sistematizaci\u00f3n y modernizaci\u00f3n de las 22 bombas actuales.<\/p>\n\n\n\n<p>2. Medidas urgentes sugeridas:<\/p>\n\n\n\n<p>\u25e6 Limpieza de los tanques existentes, reacondicionamiento del tanque del barrio Mirador y verificaci\u00f3n de perforaciones.<\/p>\n\n\n\n<p>\u25e6 Implementar un equipo de mantenimiento permanente en obra sanitaria, especialmente en los meses cr\u00edticos de noviembre a marzo.<\/p>\n\n\n\n<p>\u25e6 Exigir que cada nuevo loteo incluya infraestructura propia, como perforaciones, bombas y ca\u00f1er\u00edas independientes.<\/p>\n\n\n\n<p>3. Impacto del crecimiento urbano:<\/p>\n\n\n\n<p>\u25e6 La expansi\u00f3n de la ciudad hacia nuevas \u00e1reas y la construcci\u00f3n de edificios de varios pisos sobrecargan el sistema actual. Villa advirti\u00f3 sobre las consecuencias futuras si no se act\u00faa con urgencia.<\/p>\n\n\n\n<p>4. Colaboraci\u00f3n con profesionales y otras instituciones:<\/p>\n\n\n\n<p>\u25e6 Aunque la Universidad de La Plata realizar\u00e1 un estudio sobre la red en febrero, Villa enfatiz\u00f3 que esto solo proporcionar\u00e1 un diagn\u00f3stico inicial. La soluci\u00f3n requiere acciones m\u00e1s profundas y la gesti\u00f3n activa de recursos a nivel provincial y nacional.<\/p>\n\n\n\n<p>\u25e6 Destac\u00f3 el apoyo de expertos de San Antonio de Areco y de otros municipios, como el Intendente Rojas, quienes han brindado experiencia y asesoramiento.<\/p>\n\n\n\n<p>5. Necesidad de planificaci\u00f3n y compromiso pol\u00edtico:<\/p>\n\n\n\n<p>\u25e6 Villa subray\u00f3 la importancia de contar con personas id\u00f3neas para abordar problemas de agua y otros servicios esenciales en Col\u00f3n.<\/p>\n\n\n\n<p>\u25e6 Critic\u00f3 la falta de acciones concretas por parte del Ejecutivo Municipal actual y llam\u00f3 a gestionar recursos y a trabajar con mayor responsabilidad.<\/p>\n\n\n\n<p>6. Preocupaci\u00f3n social y ambiental:<\/p>\n\n\n\n<p>\u25e6 Llam\u00f3 la atenci\u00f3n sobre familias que se instalan en zonas vulnerables e inundables, como la calle 25 y 26, y la necesidad de que el municipio los acompa\u00f1e con soluciones integrales.<\/p>\n\n\n\n<p>\u25e6 Se\u00f1al\u00f3 que los cambios clim\u00e1ticos est\u00e1n transformando el \u00e1rea en una zona des\u00e9rtica, lo que agrava la problem\u00e1tica del agua.<\/p>\n\n\n\n<p>En s\u00edntesis, Villa destac\u00f3 que el tema del agua en Col\u00f3n necesita decisiones inmediatas y estructurales, con un enfoque t\u00e9cnico y pol\u00edtico que garantice soluciones a corto y largo plazo. Seg\u00fan su visi\u00f3n, es fundamental pasar de los diagn\u00f3sticos a la ejecuci\u00f3n de obras que garanticen el acceso sostenible al agua para todos los colonenses.<\/p>\n","protected":false},"excerpt":{"rendered":"<p>Marcelo Villa, concejal de Juntos por el Cambio, plante\u00f3 un diagn\u00f3stico exhaustivo sobre los problemas de agua corriente en Col\u00f3n y las acciones necesarias para solucionarlos. A continuaci\u00f3n, algunos puntos destacados de&#8230;<\/p>\n","protected":false},"author":1,"featured_media":4339,"comment_status":"open","ping_status":"open","sticky":false,"template":"","format":"standard","meta":{"footnotes":""},"categories":[3],"tags":[],"class_list":["post-5362","post","type-post","status-publish","format-standard","has-post-thumbnail","hentry","category-general"],"_links":{"self":[{"href":"https:\/\/emisoracolon.com.ar\/index.php\/wp-json\/wp\/v2\/posts\/5362","targetHints":{"allow":["GET"]}}],"collection":[{"href":"https:\/\/emisoracolon.com.ar\/index.php\/wp-json\/wp\/v2\/posts"}],"about":[{"href":"https:\/\/emisoracolon.com.ar\/index.php\/wp-json\/wp\/v2\/types\/post"}],"author":[{"embeddable":true,"href":"https:\/\/emisoracolon.com.ar\/index.php\/wp-json\/wp\/v2\/users\/1"}],"replies":[{"embeddable":true,"href":"https:\/\/emisoracolon.com.ar\/index.php\/wp-json\/wp\/v2\/comments?post=5362"}],"version-history":[{"count":1,"href":"https:\/\/emisoracolon.com.ar\/index.php\/wp-json\/wp\/v2\/posts\/5362\/revisions"}],"predecessor-version":[{"id":5363,"href":"https:\/\/emisoracolon.com.ar\/index.php\/wp-json\/wp\/v2\/posts\/5362\/revisions\/5363"}],"wp:featuredmedia":[{"embeddable":true,"href":"https:\/\/emisoracolon.com.ar\/index.php\/wp-json\/wp\/v2\/media\/4339"}],"wp:attachment":[{"href":"https:\/\/emisoracolon.com.ar\/index.php\/wp-json\/wp\/v2\/media?parent=5362"}],"wp:term":[{"taxonomy":"category","embeddable":true,"href":"https:\/\/emisoracolon.com.ar\/index.php\/wp-json\/wp\/v2\/categories?post=5362"},{"taxonomy":"post_tag","embeddable":true,"href":"https:\/\/emisoracolon.com.ar\/index.php\/wp-json\/wp\/v2\/tags?post=5362"}],"curies":[{"name":"wp","href":"https:\/\/api.w.org\/{rel}","templated":true}]}}