{"id":5359,"date":"2025-01-24T18:26:41","date_gmt":"2025-01-24T21:26:41","guid":{"rendered":"https:\/\/emisoracolon.com.ar\/?p=5359"},"modified":"2025-01-24T18:26:41","modified_gmt":"2025-01-24T21:26:41","slug":"el-bloque-radical-denuncia-censura-en-su-cuenta-de-instagram","status":"publish","type":"post","link":"https:\/\/emisoracolon.com.ar\/index.php\/2025\/01\/24\/el-bloque-radical-denuncia-censura-en-su-cuenta-de-instagram\/","title":{"rendered":"El bloque radical denuncia censura en su cuenta de Instagram"},"content":{"rendered":"\n<p>El bloque de concejales radicales de Col\u00f3n expres\u00f3 su preocupaci\u00f3n y malestar por la inhabilitaci\u00f3n de su cuenta oficial de Instagram, @juntosporelcambiocolon. A trav\u00e9s de un comunicado, calificaron la medida como una forma de censura y destacaron que esta situaci\u00f3n limita un canal fundamental de comunicaci\u00f3n con los vecinos.<\/p>\n\n\n\n<p>En el texto, titulado \u201cCensurados, pero con el compromiso de siempre\u201d, los radicales se\u00f1alaron:<\/p>\n\n\n\n<p>&#8220;Denunciamos la inhabilitaci\u00f3n injusta de nuestra cuenta oficial de Instagram. Esta medida obstaculiza el di\u00e1logo y la transparencia, pilares fundamentales de nuestra labor.&#8221;<\/p>\n\n\n\n<p>El comunicado tambi\u00e9n hizo referencia a un medio local que recientemente habr\u00eda sido censurado, expresando su solidaridad y reafirmando su compromiso con la libertad de expresi\u00f3n.<\/p>\n\n\n\n<p>El bloque inform\u00f3 que ya solicit\u00f3 a Instagram la revisi\u00f3n de la medida para recuperar el acceso a su espacio de comunicaci\u00f3n. Asimismo, agradecieron a quienes los acompa\u00f1an en esta situaci\u00f3n, afirmando que \u201cjuntos somos m\u00e1s fuertes\u201d.<\/p>\n\n\n\n<p>Este episodio resalta las dificultades que pueden surgir para actores pol\u00edticos y sociales cuando las plataformas digitales, esenciales para el di\u00e1logo y la participaci\u00f3n, quedan fuera de servicio o son restringidas.<\/p>\n","protected":false},"excerpt":{"rendered":"<p>El bloque de concejales radicales de Col\u00f3n expres\u00f3 su preocupaci\u00f3n y malestar por la inhabilitaci\u00f3n de su cuenta oficial de Instagram, @juntosporelcambiocolon. A trav\u00e9s de un comunicado, calificaron la medida como una&#8230;<\/p>\n","protected":false},"author":1,"featured_media":5360,"comment_status":"open","ping_status":"open","sticky":false,"template":"","format":"standard","meta":{"footnotes":""},"categories":[3],"tags":[],"class_list":["post-5359","post","type-post","status-publish","format-standard","has-post-thumbnail","hentry","category-general"],"_links":{"self":[{"href":"https:\/\/emisoracolon.com.ar\/index.php\/wp-json\/wp\/v2\/posts\/5359","targetHints":{"allow":["GET"]}}],"collection":[{"href":"https:\/\/emisoracolon.com.ar\/index.php\/wp-json\/wp\/v2\/posts"}],"about":[{"href":"https:\/\/emisoracolon.com.ar\/index.php\/wp-json\/wp\/v2\/types\/post"}],"author":[{"embeddable":true,"href":"https:\/\/emisoracolon.com.ar\/index.php\/wp-json\/wp\/v2\/users\/1"}],"replies":[{"embeddable":true,"href":"https:\/\/emisoracolon.com.ar\/index.php\/wp-json\/wp\/v2\/comments?post=5359"}],"version-history":[{"count":1,"href":"https:\/\/emisoracolon.com.ar\/index.php\/wp-json\/wp\/v2\/posts\/5359\/revisions"}],"predecessor-version":[{"id":5361,"href":"https:\/\/emisoracolon.com.ar\/index.php\/wp-json\/wp\/v2\/posts\/5359\/revisions\/5361"}],"wp:featuredmedia":[{"embeddable":true,"href":"https:\/\/emisoracolon.com.ar\/index.php\/wp-json\/wp\/v2\/media\/5360"}],"wp:attachment":[{"href":"https:\/\/emisoracolon.com.ar\/index.php\/wp-json\/wp\/v2\/media?parent=5359"}],"wp:term":[{"taxonomy":"category","embeddable":true,"href":"https:\/\/emisoracolon.com.ar\/index.php\/wp-json\/wp\/v2\/categories?post=5359"},{"taxonomy":"post_tag","embeddable":true,"href":"https:\/\/emisoracolon.com.ar\/index.php\/wp-json\/wp\/v2\/tags?post=5359"}],"curies":[{"name":"wp","href":"https:\/\/api.w.org\/{rel}","templated":true}]}}