{"id":5357,"date":"2025-01-24T18:25:09","date_gmt":"2025-01-24T21:25:09","guid":{"rendered":"https:\/\/emisoracolon.com.ar\/?p=5357"},"modified":"2025-01-24T18:25:09","modified_gmt":"2025-01-24T21:25:09","slug":"importante-corte-de-energia-electrica-en-la-ciudad","status":"publish","type":"post","link":"https:\/\/emisoracolon.com.ar\/index.php\/2025\/01\/24\/importante-corte-de-energia-electrica-en-la-ciudad\/","title":{"rendered":"Importante corte de energ\u00eda el\u00e9ctrica en la ciudad"},"content":{"rendered":"\n<p>Ayer, un corte de energ\u00eda el\u00e9ctrica afect\u00f3 a toda la ciudad, comenzando en horas del mediod\u00eda y generando m\u00faltiples inconvenientes en diversas actividades.<\/p>\n\n\n\n<p>Seg\u00fan inform\u00f3 la Cooperativa El\u00e9ctrica, la interrupci\u00f3n fue causada por la salida de servicio de la Subestaci\u00f3n de TRANSBA, lo que dej\u00f3 sin suministro a todos los vecinos. Esto paraliz\u00f3 el funcionamiento de empresas, bancos, sem\u00e1foros y caus\u00f3 incomodidades debido a las altas temperaturas.<\/p>\n\n\n\n<p>Cerca de dos horas despu\u00e9s, la Cooperativa emiti\u00f3 una nueva comunicaci\u00f3n indicando que se hab\u00eda logrado restablecer el servicio de manera provisoria en gran parte de la ciudad. No obstante, los sectores abastecidos por los Alimentadores 5 y 1 continuaron sin luz, ya que el problema t\u00e9cnico depend\u00eda de una soluci\u00f3n por parte de TRANSBA.<\/p>\n\n\n\n<p>En el comunicado, se aclar\u00f3:<\/p>\n\n\n\n<p>&#8220;Es posible que se produzcan nuevos cortes durante la reconexi\u00f3n definitiva del servicio. Estimamos que la normalizaci\u00f3n total del suministro ser\u00e1 alrededor de las 18:00.&#8221;<\/p>\n\n\n\n<p>Sin embargo, los trabajos se extendieron m\u00e1s de lo previsto, finalizando aproximadamente a las 19:30, cuando se dio por solucionado el inconveniente.<\/p>\n\n\n\n<p>Este corte subraya la importancia de las tareas de mantenimiento y la necesidad de mejorar la infraestructura el\u00e9ctrica para minimizar este tipo de afectaciones en el futuro. Ya no es solo en la ciudad de Buenos Aires<\/p>\n\n\n\n<p>Recomend\u00f3 la Cooperativa hacer un uso racional de la energ\u00eda, priorizando los electrodom\u00e9sticos indispensables y agradeci\u00f3 la paciencia mientras trabajamos para solucionar esta situaci\u00f3n<\/p>\n\n\n\n<p>Como queda dicho a las 19:30 luego de un breve corte general para reconectar se solucion\u00f3 el problema y luego no hubo otras interrupciones-<\/p>\n\n\n\n<p><strong>24\/01\/25 &#8211; Problemas en el suministro el\u00e9ctrico: explicaci\u00f3n del presidente de la Cooperativa El\u00e9ctrica de Col\u00f3n<\/strong><\/p>\n\n\n\n<p>Tras el corte de servicio registrado ayer en Col\u00f3n, consultamos al presidente del Consejo de Administraci\u00f3n de la Cooperativa El\u00e9ctrica, Mauricio Magoia, para conocer las razones detr\u00e1s de la interrupci\u00f3n y las dificultades enfrentadas.<\/p>\n\n\n\n<p>El presidente explic\u00f3 que la cooperativa distribuye energ\u00eda el\u00e9ctrica a toda la ciudad, pero no controla completamente el proceso de generaci\u00f3n y transporte. La energ\u00eda proviene de distintas usinas en el pa\u00eds (hidr\u00e1ulicas, termoel\u00e9ctricas, nucleares, etc.), y luego es transportada a trav\u00e9s de estaciones transformadoras, como la ubicada en el cruce de las rutas 8 y 50, que pertenece a la empresa Transba.<\/p>\n\n\n\n<p>El problema surgi\u00f3 en una celda de 33.000 voltios de la estaci\u00f3n transformadora, donde fall\u00f3 una protecci\u00f3n capacitiva. Dado que la cooperativa no tiene autorizaci\u00f3n para intervenir en esa infraestructura, fue necesario contactar a Transba, cuyos t\u00e9cnicos debieron viajar hasta Col\u00f3n para diagnosticar y resolver la falla. Este proceso implic\u00f3 inevitablemente una demora.<\/p>\n\n\n\n<p>Para mitigar la situaci\u00f3n, se activ\u00f3 una planta generadora privada cercana. Sin embargo, no todos los motores de la planta entraron en funcionamiento, dejando la capacidad de generaci\u00f3n en 11 megavatios en lugar de los 15 habituales. Adem\u00e1s, para operar esta planta, la cooperativa debe obtener autorizaci\u00f3n de la empresa propietaria, lo que agrega otra capa de complejidad al suministro.<\/p>\n\n\n\n<p>El presidente Magoia subray\u00f3 que estos problemas est\u00e1n fuera del control directo de la cooperativa y destac\u00f3 la necesidad de una segunda estaci\u00f3n transformadora para garantizar un servicio m\u00e1s estable. Actualmente, Col\u00f3n depende exclusivamente de la estaci\u00f3n de Transba, que tiene una capacidad de 30 megavatios, pero opera con un margen de seguridad, limitando el consumo a 27 megavatios.<\/p>\n\n\n\n<p>Desde la cooperativa se est\u00e1n realizando gestiones para concretar una nueva estaci\u00f3n transformadora, cuyo costo estimado es de 6 millones de d\u00f3lares. Este proyecto permitir\u00eda que, en caso de falla en una estaci\u00f3n, la otra entre en funcionamiento autom\u00e1ticamente, asegurando el suministro. Seg\u00fan los avances logrados, se espera que, con el apoyo del gobierno provincial, la nueva estaci\u00f3n pueda estar operativa en un plazo de dos a tres a\u00f1os.<\/p>\n\n\n\n<p>Por \u00faltimo, Magoia record\u00f3 que Col\u00f3n no solo abastece su propia demanda, sino tambi\u00e9n la de localidades vecinas como Ferr\u00e9 y Alfonso, lo que hace a\u00fan m\u00e1s urgente prever el crecimiento del consumo. Tambi\u00e9n se\u00f1al\u00f3 que la planta generadora actual ha sido crucial en otros momentos cr\u00edticos, como los registrados recientemente en San Nicol\u00e1s, ayudando a estabilizar el sistema interconectado que incluye a Pergamino y otras localidades de la regi\u00f3n.<\/p>\n\n\n\n<p>La situaci\u00f3n evidencia la importancia de las inversiones en infraestructura energ\u00e9tica para responder al crecimiento de la demanda y garantizar un servicio confiable.<\/p>\n","protected":false},"excerpt":{"rendered":"<p>Ayer, un corte de energ\u00eda el\u00e9ctrica afect\u00f3 a toda la ciudad, comenzando en horas del mediod\u00eda y generando m\u00faltiples inconvenientes en diversas actividades. Seg\u00fan inform\u00f3 la Cooperativa El\u00e9ctrica, la interrupci\u00f3n fue causada&#8230;<\/p>\n","protected":false},"author":1,"featured_media":2562,"comment_status":"open","ping_status":"open","sticky":false,"template":"","format":"standard","meta":{"footnotes":""},"categories":[3],"tags":[],"class_list":["post-5357","post","type-post","status-publish","format-standard","has-post-thumbnail","hentry","category-general"],"_links":{"self":[{"href":"https:\/\/emisoracolon.com.ar\/index.php\/wp-json\/wp\/v2\/posts\/5357","targetHints":{"allow":["GET"]}}],"collection":[{"href":"https:\/\/emisoracolon.com.ar\/index.php\/wp-json\/wp\/v2\/posts"}],"about":[{"href":"https:\/\/emisoracolon.com.ar\/index.php\/wp-json\/wp\/v2\/types\/post"}],"author":[{"embeddable":true,"href":"https:\/\/emisoracolon.com.ar\/index.php\/wp-json\/wp\/v2\/users\/1"}],"replies":[{"embeddable":true,"href":"https:\/\/emisoracolon.com.ar\/index.php\/wp-json\/wp\/v2\/comments?post=5357"}],"version-history":[{"count":1,"href":"https:\/\/emisoracolon.com.ar\/index.php\/wp-json\/wp\/v2\/posts\/5357\/revisions"}],"predecessor-version":[{"id":5358,"href":"https:\/\/emisoracolon.com.ar\/index.php\/wp-json\/wp\/v2\/posts\/5357\/revisions\/5358"}],"wp:featuredmedia":[{"embeddable":true,"href":"https:\/\/emisoracolon.com.ar\/index.php\/wp-json\/wp\/v2\/media\/2562"}],"wp:attachment":[{"href":"https:\/\/emisoracolon.com.ar\/index.php\/wp-json\/wp\/v2\/media?parent=5357"}],"wp:term":[{"taxonomy":"category","embeddable":true,"href":"https:\/\/emisoracolon.com.ar\/index.php\/wp-json\/wp\/v2\/categories?post=5357"},{"taxonomy":"post_tag","embeddable":true,"href":"https:\/\/emisoracolon.com.ar\/index.php\/wp-json\/wp\/v2\/tags?post=5357"}],"curies":[{"name":"wp","href":"https:\/\/api.w.org\/{rel}","templated":true}]}}