{"id":5352,"date":"2025-01-24T18:22:18","date_gmt":"2025-01-24T21:22:18","guid":{"rendered":"https:\/\/emisoracolon.com.ar\/?p=5352"},"modified":"2025-01-24T18:22:18","modified_gmt":"2025-01-24T21:22:18","slug":"varias-intervenciones-de-los-bomberos-2","status":"publish","type":"post","link":"https:\/\/emisoracolon.com.ar\/index.php\/2025\/01\/24\/varias-intervenciones-de-los-bomberos-2\/","title":{"rendered":"Varias intervenciones de los bomberos"},"content":{"rendered":"\n<p>Ayer, los bomberos voluntarios de la ciudad tuvieron una jornada cargada de trabajo debido a m\u00faltiples emergencias.<\/p>\n\n\n\n<p>La primera intervenci\u00f3n ocurri\u00f3 tras recibir un llamado por el incendio de una motocicleta que se encontraba en el interior de una vivienda ubicada en calle 24, entre 37 y 38. La r\u00e1pida respuesta permiti\u00f3 que el problema fuera solucionado sin mayores da\u00f1os.<\/p>\n\n\n\n<p>Poco despu\u00e9s, la guardia debi\u00f3 trasladarse a las afueras de la ciudad, espec\u00edficamente al camino que conduce al matadero, en la intersecci\u00f3n de calles 134 y 46, donde el fuego hab\u00eda comenzado a propagarse sobre el pasto seco. Si bien se desconoce el origen del incendio, queda claro que en esta \u00e9poca del a\u00f1o es fundamental extremar los cuidados para evitar este tipo de situaciones.<\/p>\n\n\n\n<p>Cabe recordar que el d\u00eda anterior, en horas del mediod\u00eda, los bomberos hab\u00edan intervenido en un incendio en el basural de la Municipalidad. La situaci\u00f3n se torn\u00f3 cr\u00edtica ya que las llamas amenazaban con extenderse hacia un campo vecino. Aunque lograron controlar el fuego, cinco horas despu\u00e9s debieron regresar al lugar por el mismo problema. Pasadas las 18:00, nuevamente se encontraron combatiendo un incendio de pastizales en el campo aleda\u00f1o, evitando as\u00ed una mayor propagaci\u00f3n.<\/p>\n\n\n\n<p>Adem\u00e1s, en el mismo horario, se report\u00f3 un incendio en un poste de luz ubicado en calle 9 y 36. En este caso, los bomberos trabajaron en conjunto con personal de la Cooperativa El\u00e9ctrica para controlar el siniestro y prevenir da\u00f1os mayores.<\/p>\n\n\n\n<p>Estos episodios remarcan la importancia de la prevenci\u00f3n, especialmente en \u00e9pocas de altas temperaturas y sequ\u00eda, donde el riesgo de incendios es significativamente mayor.<\/p>\n","protected":false},"excerpt":{"rendered":"<p>Ayer, los bomberos voluntarios de la ciudad tuvieron una jornada cargada de trabajo debido a m\u00faltiples emergencias. La primera intervenci\u00f3n ocurri\u00f3 tras recibir un llamado por el incendio de una motocicleta que&#8230;<\/p>\n","protected":false},"author":1,"featured_media":2026,"comment_status":"open","ping_status":"open","sticky":false,"template":"","format":"standard","meta":{"footnotes":""},"categories":[3],"tags":[],"class_list":["post-5352","post","type-post","status-publish","format-standard","has-post-thumbnail","hentry","category-general"],"_links":{"self":[{"href":"https:\/\/emisoracolon.com.ar\/index.php\/wp-json\/wp\/v2\/posts\/5352","targetHints":{"allow":["GET"]}}],"collection":[{"href":"https:\/\/emisoracolon.com.ar\/index.php\/wp-json\/wp\/v2\/posts"}],"about":[{"href":"https:\/\/emisoracolon.com.ar\/index.php\/wp-json\/wp\/v2\/types\/post"}],"author":[{"embeddable":true,"href":"https:\/\/emisoracolon.com.ar\/index.php\/wp-json\/wp\/v2\/users\/1"}],"replies":[{"embeddable":true,"href":"https:\/\/emisoracolon.com.ar\/index.php\/wp-json\/wp\/v2\/comments?post=5352"}],"version-history":[{"count":1,"href":"https:\/\/emisoracolon.com.ar\/index.php\/wp-json\/wp\/v2\/posts\/5352\/revisions"}],"predecessor-version":[{"id":5353,"href":"https:\/\/emisoracolon.com.ar\/index.php\/wp-json\/wp\/v2\/posts\/5352\/revisions\/5353"}],"wp:featuredmedia":[{"embeddable":true,"href":"https:\/\/emisoracolon.com.ar\/index.php\/wp-json\/wp\/v2\/media\/2026"}],"wp:attachment":[{"href":"https:\/\/emisoracolon.com.ar\/index.php\/wp-json\/wp\/v2\/media?parent=5352"}],"wp:term":[{"taxonomy":"category","embeddable":true,"href":"https:\/\/emisoracolon.com.ar\/index.php\/wp-json\/wp\/v2\/categories?post=5352"},{"taxonomy":"post_tag","embeddable":true,"href":"https:\/\/emisoracolon.com.ar\/index.php\/wp-json\/wp\/v2\/tags?post=5352"}],"curies":[{"name":"wp","href":"https:\/\/api.w.org\/{rel}","templated":true}]}}