{"id":488,"date":"2024-04-17T18:45:14","date_gmt":"2024-04-17T21:45:14","guid":{"rendered":"https:\/\/emisoracolon.com.ar\/?p=488"},"modified":"2024-04-17T18:45:14","modified_gmt":"2024-04-17T21:45:14","slug":"politicas-de-genero-y-diversidad-sexual","status":"publish","type":"post","link":"https:\/\/emisoracolon.com.ar\/index.php\/2024\/04\/17\/politicas-de-genero-y-diversidad-sexual\/","title":{"rendered":"Pol\u00edticas de G\u00e9nero y Diversidad Sexual"},"content":{"rendered":"\n<p> Se realiz\u00f3 la apertura anual del Consejo de Pol\u00edticas de G\u00e9nero y Diversidad Sexual con los Municipios, que se llev\u00f3 a cabo en el Pasaje Dardo Rocha, de la ciudad de La Plata, y estuvo presente en representaci\u00f3n de la Municipalidad local, Florencia Palomo, la funcionaria a cargo del \u00e1rea.<\/p>\n\n\n\n<p>Cabe mencionar que la ministra de Mujeres y Diversidad de la provincia de Buenos Aires, Estela D\u00edaz, junto a la intendenta de Quilmes, Mayra Mendoza, y la intendenta de Ca\u00f1uelas, Marisa Fassi, realiz\u00f3 la apertura anual del Consejo de Pol\u00edticas de G\u00e9nero y Diversidad Sexual con los Municipios, que se llev\u00f3 a cabo en el Pasaje Dardo Rocha, de la ciudad de La Plata, con la presencia de las autoridades de las \u00e1reas de g\u00e9nero de alrededor de 70 distritos bonaerenses.<\/p>\n\n\n\n<p>En este marco, Estela D\u00edaz expres\u00f3: \u201c<em>En esta provincia mantenemos la institucionalidad porque fue construida gracias a la lucha de las mujeres y las diversidades y porque sabemos que quieren arrasar con todo lo p\u00fablico, con el Estado presente<\/em>\u201d<\/p>\n\n\n\n<p>E<em>l Consejo se compone por las 130 \u00e1reas de g\u00e9nero municipales y tiene como objetivo crear este espacio de discusi\u00f3n, debate, articulaci\u00f3n y puesta en com\u00fan.<\/em><\/p>\n\n\n\n<p>Durante el cierre de la jornada, les referentes locales expusieron las conclusiones del debate en las comisiones y los ejes de trabajo prioritarios en los que es necesario avanzar para profundizar las pol\u00edticas p\u00fablicas con perspectiva de g\u00e9nero en los territorios.<\/p>\n\n\n\n<p><\/p>\n","protected":false},"excerpt":{"rendered":"<p>Se realiz\u00f3 la apertura anual del Consejo de Pol\u00edticas de G\u00e9nero y Diversidad Sexual con los Municipios, que se llev\u00f3 a cabo en el Pasaje Dardo Rocha, de la ciudad de La&#8230;<\/p>\n","protected":false},"author":2,"featured_media":489,"comment_status":"open","ping_status":"open","sticky":false,"template":"","format":"standard","meta":{"footnotes":""},"categories":[7,3,5,4],"tags":[],"class_list":["post-488","post","type-post","status-publish","format-standard","has-post-thumbnail","hentry","category-cultura","category-general","category-politica_local","category-politica_nacional"],"_links":{"self":[{"href":"https:\/\/emisoracolon.com.ar\/index.php\/wp-json\/wp\/v2\/posts\/488","targetHints":{"allow":["GET"]}}],"collection":[{"href":"https:\/\/emisoracolon.com.ar\/index.php\/wp-json\/wp\/v2\/posts"}],"about":[{"href":"https:\/\/emisoracolon.com.ar\/index.php\/wp-json\/wp\/v2\/types\/post"}],"author":[{"embeddable":true,"href":"https:\/\/emisoracolon.com.ar\/index.php\/wp-json\/wp\/v2\/users\/2"}],"replies":[{"embeddable":true,"href":"https:\/\/emisoracolon.com.ar\/index.php\/wp-json\/wp\/v2\/comments?post=488"}],"version-history":[{"count":1,"href":"https:\/\/emisoracolon.com.ar\/index.php\/wp-json\/wp\/v2\/posts\/488\/revisions"}],"predecessor-version":[{"id":490,"href":"https:\/\/emisoracolon.com.ar\/index.php\/wp-json\/wp\/v2\/posts\/488\/revisions\/490"}],"wp:featuredmedia":[{"embeddable":true,"href":"https:\/\/emisoracolon.com.ar\/index.php\/wp-json\/wp\/v2\/media\/489"}],"wp:attachment":[{"href":"https:\/\/emisoracolon.com.ar\/index.php\/wp-json\/wp\/v2\/media?parent=488"}],"wp:term":[{"taxonomy":"category","embeddable":true,"href":"https:\/\/emisoracolon.com.ar\/index.php\/wp-json\/wp\/v2\/categories?post=488"},{"taxonomy":"post_tag","embeddable":true,"href":"https:\/\/emisoracolon.com.ar\/index.php\/wp-json\/wp\/v2\/tags?post=488"}],"curies":[{"name":"wp","href":"https:\/\/api.w.org\/{rel}","templated":true}]}}