{"id":4709,"date":"2024-11-26T17:50:12","date_gmt":"2024-11-26T20:50:12","guid":{"rendered":"https:\/\/emisoracolon.com.ar\/?p=4709"},"modified":"2024-11-26T17:50:12","modified_gmt":"2024-11-26T20:50:12","slug":"discapacidad-y-derechos-humanos","status":"publish","type":"post","link":"https:\/\/emisoracolon.com.ar\/index.php\/2024\/11\/26\/discapacidad-y-derechos-humanos\/","title":{"rendered":"Discapacidad y derechos humanos"},"content":{"rendered":"\n<p>Ma\u00f1ana, a partir de las 09:00 en el Polo Cultural, se llevar\u00e1 adelante una jornada de capacitaci\u00f3n sobre Perspectiva de Discapacidad y Derechos Humanos, que ser\u00e1 dictada por parte de la Direcci\u00f3n Provincial de Discapacidad.<\/p>\n\n\n\n<p>En la jornada se abordar\u00e1 perspectiva de discapacidad, accesibilidad y deporte.<\/p>\n\n\n\n<p>La actividad es abierta a la comunidad. Ante cualquier consulta pod\u00e9s contactarte por whatsapp al 2473- 521843 o acercarse personalmente a la oficina de la Direcci\u00f3n de Discapacidad y Tercera Edad en el Palacio Municipal.<\/p>\n","protected":false},"excerpt":{"rendered":"<p>Ma\u00f1ana, a partir de las 09:00 en el Polo Cultural, se llevar\u00e1 adelante una jornada de capacitaci\u00f3n sobre Perspectiva de Discapacidad y Derechos Humanos, que ser\u00e1 dictada por parte de la Direcci\u00f3n&#8230;<\/p>\n","protected":false},"author":1,"featured_media":4710,"comment_status":"open","ping_status":"open","sticky":false,"template":"","format":"standard","meta":{"footnotes":""},"categories":[7,3],"tags":[],"class_list":["post-4709","post","type-post","status-publish","format-standard","has-post-thumbnail","hentry","category-cultura","category-general"],"_links":{"self":[{"href":"https:\/\/emisoracolon.com.ar\/index.php\/wp-json\/wp\/v2\/posts\/4709","targetHints":{"allow":["GET"]}}],"collection":[{"href":"https:\/\/emisoracolon.com.ar\/index.php\/wp-json\/wp\/v2\/posts"}],"about":[{"href":"https:\/\/emisoracolon.com.ar\/index.php\/wp-json\/wp\/v2\/types\/post"}],"author":[{"embeddable":true,"href":"https:\/\/emisoracolon.com.ar\/index.php\/wp-json\/wp\/v2\/users\/1"}],"replies":[{"embeddable":true,"href":"https:\/\/emisoracolon.com.ar\/index.php\/wp-json\/wp\/v2\/comments?post=4709"}],"version-history":[{"count":1,"href":"https:\/\/emisoracolon.com.ar\/index.php\/wp-json\/wp\/v2\/posts\/4709\/revisions"}],"predecessor-version":[{"id":4711,"href":"https:\/\/emisoracolon.com.ar\/index.php\/wp-json\/wp\/v2\/posts\/4709\/revisions\/4711"}],"wp:featuredmedia":[{"embeddable":true,"href":"https:\/\/emisoracolon.com.ar\/index.php\/wp-json\/wp\/v2\/media\/4710"}],"wp:attachment":[{"href":"https:\/\/emisoracolon.com.ar\/index.php\/wp-json\/wp\/v2\/media?parent=4709"}],"wp:term":[{"taxonomy":"category","embeddable":true,"href":"https:\/\/emisoracolon.com.ar\/index.php\/wp-json\/wp\/v2\/categories?post=4709"},{"taxonomy":"post_tag","embeddable":true,"href":"https:\/\/emisoracolon.com.ar\/index.php\/wp-json\/wp\/v2\/tags?post=4709"}],"curies":[{"name":"wp","href":"https:\/\/api.w.org\/{rel}","templated":true}]}}