{"id":4500,"date":"2024-11-12T18:19:22","date_gmt":"2024-11-12T21:19:22","guid":{"rendered":"https:\/\/emisoracolon.com.ar\/?p=4500"},"modified":"2024-11-12T18:19:22","modified_gmt":"2024-11-12T21:19:22","slug":"aniversario-del-grupo-estrellas-amarillas-por-la-memoria","status":"publish","type":"post","link":"https:\/\/emisoracolon.com.ar\/index.php\/2024\/11\/12\/aniversario-del-grupo-estrellas-amarillas-por-la-memoria\/","title":{"rendered":"Aniversario del Grupo &#8220;Estrellas Amarillas por la Memoria&#8221;"},"content":{"rendered":"\n<p>El 11 de noviembre se celebr\u00f3 el aniversario del grupo local Estrellas Amarillas por la Memoria, una iniciativa que honra a las v\u00edctimas de siniestros viales y promueve la seguridad vial. Desde su fundaci\u00f3n en 2010, el grupo ha trabajado incansablemente en la prevenci\u00f3n de accidentes y en la creaci\u00f3n de conciencia vial mediante la pintura de estrellas amarillas en sitios de siniestros fatales.<\/p>\n\n\n\n<p>En su aniversario, los miembros del grupo expresaron su gratitud hacia quienes han apoyado esta causa desde sus inicios. Este a\u00f1o, el grupo tambi\u00e9n fue sede del Congreso Nacional de Estrellas Amarillas, donde se abordaron temas clave como la ley de Alcohol Cero y la creaci\u00f3n de protocolos para la atenci\u00f3n de accidentes viales.<\/p>\n","protected":false},"excerpt":{"rendered":"<p>El 11 de noviembre se celebr\u00f3 el aniversario del grupo local Estrellas Amarillas por la Memoria, una iniciativa que honra a las v\u00edctimas de siniestros viales y promueve la seguridad vial. Desde&#8230;<\/p>\n","protected":false},"author":1,"featured_media":4501,"comment_status":"open","ping_status":"open","sticky":false,"template":"","format":"standard","meta":{"footnotes":""},"categories":[3],"tags":[],"class_list":["post-4500","post","type-post","status-publish","format-standard","has-post-thumbnail","hentry","category-general"],"_links":{"self":[{"href":"https:\/\/emisoracolon.com.ar\/index.php\/wp-json\/wp\/v2\/posts\/4500","targetHints":{"allow":["GET"]}}],"collection":[{"href":"https:\/\/emisoracolon.com.ar\/index.php\/wp-json\/wp\/v2\/posts"}],"about":[{"href":"https:\/\/emisoracolon.com.ar\/index.php\/wp-json\/wp\/v2\/types\/post"}],"author":[{"embeddable":true,"href":"https:\/\/emisoracolon.com.ar\/index.php\/wp-json\/wp\/v2\/users\/1"}],"replies":[{"embeddable":true,"href":"https:\/\/emisoracolon.com.ar\/index.php\/wp-json\/wp\/v2\/comments?post=4500"}],"version-history":[{"count":1,"href":"https:\/\/emisoracolon.com.ar\/index.php\/wp-json\/wp\/v2\/posts\/4500\/revisions"}],"predecessor-version":[{"id":4502,"href":"https:\/\/emisoracolon.com.ar\/index.php\/wp-json\/wp\/v2\/posts\/4500\/revisions\/4502"}],"wp:featuredmedia":[{"embeddable":true,"href":"https:\/\/emisoracolon.com.ar\/index.php\/wp-json\/wp\/v2\/media\/4501"}],"wp:attachment":[{"href":"https:\/\/emisoracolon.com.ar\/index.php\/wp-json\/wp\/v2\/media?parent=4500"}],"wp:term":[{"taxonomy":"category","embeddable":true,"href":"https:\/\/emisoracolon.com.ar\/index.php\/wp-json\/wp\/v2\/categories?post=4500"},{"taxonomy":"post_tag","embeddable":true,"href":"https:\/\/emisoracolon.com.ar\/index.php\/wp-json\/wp\/v2\/tags?post=4500"}],"curies":[{"name":"wp","href":"https:\/\/api.w.org\/{rel}","templated":true}]}}