{"id":4497,"date":"2024-11-12T18:18:10","date_gmt":"2024-11-12T21:18:10","guid":{"rendered":"https:\/\/emisoracolon.com.ar\/?p=4497"},"modified":"2024-11-12T18:18:10","modified_gmt":"2024-11-12T21:18:10","slug":"nueva-feria-de-alimentos-en-plaza-san-martin","status":"publish","type":"post","link":"https:\/\/emisoracolon.com.ar\/index.php\/2024\/11\/12\/nueva-feria-de-alimentos-en-plaza-san-martin\/","title":{"rendered":"Nueva feria de alimentos en Plaza San Mart\u00edn"},"content":{"rendered":"\n<p>La Direcci\u00f3n de Producci\u00f3n y Empleo ha anunciado una nueva edici\u00f3n de la Feria de Alimentos en la Plaza San Mart\u00edn, programada para el s\u00e1bado 16 de noviembre de 9:00 a 14:30. La feria, enmarcada en el programa \u201cMercados Bonaerenses\u201d impulsado por el Ministerio de Desarrollo Agrario de la Provincia de Buenos Aires, busca fomentar el consumo local y facilitar el v\u00ednculo directo entre productores y consumidores. Esta ser\u00e1 la tercera edici\u00f3n de la feria, que se consolida como un espacio importante para la comunidad.<\/p>\n","protected":false},"excerpt":{"rendered":"<p>La Direcci\u00f3n de Producci\u00f3n y Empleo ha anunciado una nueva edici\u00f3n de la Feria de Alimentos en la Plaza San Mart\u00edn, programada para el s\u00e1bado 16 de noviembre de 9:00 a 14:30&#8230;.<\/p>\n","protected":false},"author":1,"featured_media":4498,"comment_status":"open","ping_status":"open","sticky":false,"template":"","format":"standard","meta":{"footnotes":""},"categories":[3],"tags":[],"class_list":["post-4497","post","type-post","status-publish","format-standard","has-post-thumbnail","hentry","category-general"],"_links":{"self":[{"href":"https:\/\/emisoracolon.com.ar\/index.php\/wp-json\/wp\/v2\/posts\/4497","targetHints":{"allow":["GET"]}}],"collection":[{"href":"https:\/\/emisoracolon.com.ar\/index.php\/wp-json\/wp\/v2\/posts"}],"about":[{"href":"https:\/\/emisoracolon.com.ar\/index.php\/wp-json\/wp\/v2\/types\/post"}],"author":[{"embeddable":true,"href":"https:\/\/emisoracolon.com.ar\/index.php\/wp-json\/wp\/v2\/users\/1"}],"replies":[{"embeddable":true,"href":"https:\/\/emisoracolon.com.ar\/index.php\/wp-json\/wp\/v2\/comments?post=4497"}],"version-history":[{"count":1,"href":"https:\/\/emisoracolon.com.ar\/index.php\/wp-json\/wp\/v2\/posts\/4497\/revisions"}],"predecessor-version":[{"id":4499,"href":"https:\/\/emisoracolon.com.ar\/index.php\/wp-json\/wp\/v2\/posts\/4497\/revisions\/4499"}],"wp:featuredmedia":[{"embeddable":true,"href":"https:\/\/emisoracolon.com.ar\/index.php\/wp-json\/wp\/v2\/media\/4498"}],"wp:attachment":[{"href":"https:\/\/emisoracolon.com.ar\/index.php\/wp-json\/wp\/v2\/media?parent=4497"}],"wp:term":[{"taxonomy":"category","embeddable":true,"href":"https:\/\/emisoracolon.com.ar\/index.php\/wp-json\/wp\/v2\/categories?post=4497"},{"taxonomy":"post_tag","embeddable":true,"href":"https:\/\/emisoracolon.com.ar\/index.php\/wp-json\/wp\/v2\/tags?post=4497"}],"curies":[{"name":"wp","href":"https:\/\/api.w.org\/{rel}","templated":true}]}}