{"id":4493,"date":"2024-11-12T18:15:45","date_gmt":"2024-11-12T21:15:45","guid":{"rendered":"https:\/\/emisoracolon.com.ar\/?p=4493"},"modified":"2024-11-12T18:15:45","modified_gmt":"2024-11-12T21:15:45","slug":"cooperativa-electrica-lanza-su-oficina-virtual","status":"publish","type":"post","link":"https:\/\/emisoracolon.com.ar\/index.php\/2024\/11\/12\/cooperativa-electrica-lanza-su-oficina-virtual\/","title":{"rendered":"Cooperativa El\u00e9ctrica lanza su Oficina Virtual"},"content":{"rendered":"\n<p>La Cooperativa El\u00e9ctrica de Col\u00f3n ha implementado su Oficina Virtual, una plataforma digital que permite a los usuarios realizar tr\u00e1mites y consultas sin necesidad de acudir f\u00edsicamente a la sede. Desde cualquier dispositivo conectado a internet, los usuarios pueden acceder a servicios como la adhesi\u00f3n a la factura electr\u00f3nica, el pago mediante Mercado Pago, y la gesti\u00f3n del d\u00e9bito autom\u00e1tico.<\/p>\n\n\n\n<p>Para utilizar la Oficina Virtual, los usuarios deben registrarse en [novedadescec.com.ar](http:\/\/novedadescec.com.ar), donde, una vez creada la cuenta, podr\u00e1n asociar su suministro con el N\u00famero de Identificaci\u00f3n de Suministro (NIS). Este avance permite a la cooperativa mejorar su operatividad y ofrece a los usuarios una experiencia de gesti\u00f3n m\u00e1s eficiente y accesible.<\/p>\n","protected":false},"excerpt":{"rendered":"<p>La Cooperativa El\u00e9ctrica de Col\u00f3n ha implementado su Oficina Virtual, una plataforma digital que permite a los usuarios realizar tr\u00e1mites y consultas sin necesidad de acudir f\u00edsicamente a la sede. Desde cualquier&#8230;<\/p>\n","protected":false},"author":1,"featured_media":4494,"comment_status":"open","ping_status":"open","sticky":false,"template":"","format":"standard","meta":{"footnotes":""},"categories":[3],"tags":[],"class_list":["post-4493","post","type-post","status-publish","format-standard","has-post-thumbnail","hentry","category-general"],"_links":{"self":[{"href":"https:\/\/emisoracolon.com.ar\/index.php\/wp-json\/wp\/v2\/posts\/4493","targetHints":{"allow":["GET"]}}],"collection":[{"href":"https:\/\/emisoracolon.com.ar\/index.php\/wp-json\/wp\/v2\/posts"}],"about":[{"href":"https:\/\/emisoracolon.com.ar\/index.php\/wp-json\/wp\/v2\/types\/post"}],"author":[{"embeddable":true,"href":"https:\/\/emisoracolon.com.ar\/index.php\/wp-json\/wp\/v2\/users\/1"}],"replies":[{"embeddable":true,"href":"https:\/\/emisoracolon.com.ar\/index.php\/wp-json\/wp\/v2\/comments?post=4493"}],"version-history":[{"count":1,"href":"https:\/\/emisoracolon.com.ar\/index.php\/wp-json\/wp\/v2\/posts\/4493\/revisions"}],"predecessor-version":[{"id":4495,"href":"https:\/\/emisoracolon.com.ar\/index.php\/wp-json\/wp\/v2\/posts\/4493\/revisions\/4495"}],"wp:featuredmedia":[{"embeddable":true,"href":"https:\/\/emisoracolon.com.ar\/index.php\/wp-json\/wp\/v2\/media\/4494"}],"wp:attachment":[{"href":"https:\/\/emisoracolon.com.ar\/index.php\/wp-json\/wp\/v2\/media?parent=4493"}],"wp:term":[{"taxonomy":"category","embeddable":true,"href":"https:\/\/emisoracolon.com.ar\/index.php\/wp-json\/wp\/v2\/categories?post=4493"},{"taxonomy":"post_tag","embeddable":true,"href":"https:\/\/emisoracolon.com.ar\/index.php\/wp-json\/wp\/v2\/tags?post=4493"}],"curies":[{"name":"wp","href":"https:\/\/api.w.org\/{rel}","templated":true}]}}