{"id":4488,"date":"2024-11-12T18:13:06","date_gmt":"2024-11-12T21:13:06","guid":{"rendered":"https:\/\/emisoracolon.com.ar\/?p=4488"},"modified":"2024-11-12T18:13:06","modified_gmt":"2024-11-12T21:13:06","slug":"kicillof-inaugura-la-casa-de-la-provincia-en-colon","status":"publish","type":"post","link":"https:\/\/emisoracolon.com.ar\/index.php\/2024\/11\/12\/kicillof-inaugura-la-casa-de-la-provincia-en-colon\/","title":{"rendered":"Kicillof inaugura la Casa de la Provincia en Col\u00f3n"},"content":{"rendered":"\n<p>El gobernador Axel Kicillof visitar\u00e1 ma\u00f1ana nuestra ciudad para inaugurar oficialmente la Casa de la Provincia, un espacio que ya est\u00e1 en funcionamiento desde hace algunos d\u00edas. La ceremonia tendr\u00e1 lugar el mi\u00e9rcoles 13 de noviembre a las 9:30 en Col\u00f3n y contar\u00e1 con la presencia de Kicillof y varios ministros de su gabinete.<\/p>\n\n\n\n<p>Este nuevo edificio centraliza la atenci\u00f3n y los tr\u00e1mites de ARBA, IOMA, el Registro Provincial de las Personas y el Instituto de Previsi\u00f3n Social (IPS), facilitando una gesti\u00f3n m\u00e1s eficiente. Tambi\u00e9n incluye delegaciones de los Ministerios de Trabajo, Desarrollo Agrario y Mujeres y Diversidad. La sede, ubicada en Bv. 50 entre 7 y 9, no solo busca mejorar la eficacia en los tr\u00e1mites, sino tambi\u00e9n consolidar la identidad provincial, brindando un gobierno m\u00e1s cercano a los habitantes de la regi\u00f3n.<\/p>\n","protected":false},"excerpt":{"rendered":"<p>El gobernador Axel Kicillof visitar\u00e1 ma\u00f1ana nuestra ciudad para inaugurar oficialmente la Casa de la Provincia, un espacio que ya est\u00e1 en funcionamiento desde hace algunos d\u00edas. La ceremonia tendr\u00e1 lugar el&#8230;<\/p>\n","protected":false},"author":1,"featured_media":4489,"comment_status":"open","ping_status":"open","sticky":false,"template":"","format":"standard","meta":{"footnotes":""},"categories":[3],"tags":[],"class_list":["post-4488","post","type-post","status-publish","format-standard","has-post-thumbnail","hentry","category-general"],"_links":{"self":[{"href":"https:\/\/emisoracolon.com.ar\/index.php\/wp-json\/wp\/v2\/posts\/4488","targetHints":{"allow":["GET"]}}],"collection":[{"href":"https:\/\/emisoracolon.com.ar\/index.php\/wp-json\/wp\/v2\/posts"}],"about":[{"href":"https:\/\/emisoracolon.com.ar\/index.php\/wp-json\/wp\/v2\/types\/post"}],"author":[{"embeddable":true,"href":"https:\/\/emisoracolon.com.ar\/index.php\/wp-json\/wp\/v2\/users\/1"}],"replies":[{"embeddable":true,"href":"https:\/\/emisoracolon.com.ar\/index.php\/wp-json\/wp\/v2\/comments?post=4488"}],"version-history":[{"count":1,"href":"https:\/\/emisoracolon.com.ar\/index.php\/wp-json\/wp\/v2\/posts\/4488\/revisions"}],"predecessor-version":[{"id":4490,"href":"https:\/\/emisoracolon.com.ar\/index.php\/wp-json\/wp\/v2\/posts\/4488\/revisions\/4490"}],"wp:featuredmedia":[{"embeddable":true,"href":"https:\/\/emisoracolon.com.ar\/index.php\/wp-json\/wp\/v2\/media\/4489"}],"wp:attachment":[{"href":"https:\/\/emisoracolon.com.ar\/index.php\/wp-json\/wp\/v2\/media?parent=4488"}],"wp:term":[{"taxonomy":"category","embeddable":true,"href":"https:\/\/emisoracolon.com.ar\/index.php\/wp-json\/wp\/v2\/categories?post=4488"},{"taxonomy":"post_tag","embeddable":true,"href":"https:\/\/emisoracolon.com.ar\/index.php\/wp-json\/wp\/v2\/tags?post=4488"}],"curies":[{"name":"wp","href":"https:\/\/api.w.org\/{rel}","templated":true}]}}