{"id":4458,"date":"2024-11-08T17:34:42","date_gmt":"2024-11-08T20:34:42","guid":{"rendered":"https:\/\/emisoracolon.com.ar\/?p=4458"},"modified":"2024-11-08T17:34:42","modified_gmt":"2024-11-08T20:34:42","slug":"tres-trabajadores-sin-relacion-de-dependencia","status":"publish","type":"post","link":"https:\/\/emisoracolon.com.ar\/index.php\/2024\/11\/08\/tres-trabajadores-sin-relacion-de-dependencia\/","title":{"rendered":"Tres trabajadores sin relaci\u00f3n de dependencia"},"content":{"rendered":"\n<p>Desde hoy se pueden contratar hasta tres trabajadores sin que haya una relaci\u00f3n de dependencia.<\/p>\n\n\n\n<p>Uno de los tantos temas incluidos en la <strong>Ley de Bases <\/strong>habilita <strong>una reforma que beneficia a los emprendimientos<\/strong>. En concreto, permite que los emprendedores <strong>puedan contratar hasta tres trabajadores independientes sin que esto se considere una relaci\u00f3n laboral<\/strong>.<\/p>\n\n\n\n<p>De esta manera, <strong>los titulares de peque\u00f1os negocios podr\u00e1n tener otras personas que aporten su trabajo sin tener que contratar asalariados en relaci\u00f3n de dependencia<\/strong>. Esto, no solo tiene un mayor costo, sino que tambi\u00e9n genera contingencias e imprevistos (como potenciales juicios laborales) que complican a los emprendimientos m\u00e1s chicos.<\/p>\n","protected":false},"excerpt":{"rendered":"<p>Desde hoy se pueden contratar hasta tres trabajadores sin que haya una relaci\u00f3n de dependencia. Uno de los tantos temas incluidos en la Ley de Bases habilita una reforma que beneficia a&#8230;<\/p>\n","protected":false},"author":1,"featured_media":4459,"comment_status":"open","ping_status":"open","sticky":false,"template":"","format":"standard","meta":{"footnotes":""},"categories":[3],"tags":[],"class_list":["post-4458","post","type-post","status-publish","format-standard","has-post-thumbnail","hentry","category-general"],"_links":{"self":[{"href":"https:\/\/emisoracolon.com.ar\/index.php\/wp-json\/wp\/v2\/posts\/4458","targetHints":{"allow":["GET"]}}],"collection":[{"href":"https:\/\/emisoracolon.com.ar\/index.php\/wp-json\/wp\/v2\/posts"}],"about":[{"href":"https:\/\/emisoracolon.com.ar\/index.php\/wp-json\/wp\/v2\/types\/post"}],"author":[{"embeddable":true,"href":"https:\/\/emisoracolon.com.ar\/index.php\/wp-json\/wp\/v2\/users\/1"}],"replies":[{"embeddable":true,"href":"https:\/\/emisoracolon.com.ar\/index.php\/wp-json\/wp\/v2\/comments?post=4458"}],"version-history":[{"count":1,"href":"https:\/\/emisoracolon.com.ar\/index.php\/wp-json\/wp\/v2\/posts\/4458\/revisions"}],"predecessor-version":[{"id":4460,"href":"https:\/\/emisoracolon.com.ar\/index.php\/wp-json\/wp\/v2\/posts\/4458\/revisions\/4460"}],"wp:featuredmedia":[{"embeddable":true,"href":"https:\/\/emisoracolon.com.ar\/index.php\/wp-json\/wp\/v2\/media\/4459"}],"wp:attachment":[{"href":"https:\/\/emisoracolon.com.ar\/index.php\/wp-json\/wp\/v2\/media?parent=4458"}],"wp:term":[{"taxonomy":"category","embeddable":true,"href":"https:\/\/emisoracolon.com.ar\/index.php\/wp-json\/wp\/v2\/categories?post=4458"},{"taxonomy":"post_tag","embeddable":true,"href":"https:\/\/emisoracolon.com.ar\/index.php\/wp-json\/wp\/v2\/tags?post=4458"}],"curies":[{"name":"wp","href":"https:\/\/api.w.org\/{rel}","templated":true}]}}