{"id":4325,"date":"2024-10-31T16:42:55","date_gmt":"2024-10-31T19:42:55","guid":{"rendered":"https:\/\/emisoracolon.com.ar\/?p=4325"},"modified":"2024-10-31T16:42:55","modified_gmt":"2024-10-31T19:42:55","slug":"aniversario-de-colon","status":"publish","type":"post","link":"https:\/\/emisoracolon.com.ar\/index.php\/2024\/10\/31\/aniversario-de-colon\/","title":{"rendered":"Aniversario de Col\u00f3n"},"content":{"rendered":"\n<p>Celebramos hoy 31 de octubre un nuevo aniversario de nuestro Partido. La conmemoraci\u00f3n organizada por la Municipalidad tendr\u00e1 lugar el domingo en el Polo Cultural.<\/p>\n\n\n\n<p>Nuestras autoridades decidieron conmemorar cada la creaci\u00f3n del Partido tomando como fecha el 31 de octubre de 1892 cuando el gobernado provincial promulga la ley de creaci\u00f3n.<\/p>\n\n\n\n<p>Antes, en la fundaci\u00f3n de la l\u00ednea de fortines, el nuestro fue levantado en 1781 con algunas chacras a sus alrededores, mientras que la poblaci\u00f3n inicial de lo que es hoy nuestra ciudad se estableci\u00f3 en 1875 con algo menos de trescientas personas. Tras algunos litigios con los vecinos Rojas y Pergamino fue reconocido el pueblo de Col\u00f3n, y diecisiete a\u00f1os despu\u00e9s fue designado como Partido en la Provincia de Buenos Aires.<\/p>\n\n\n\n<p>Con el orgullo de siempre, festejemos un nuevo aniversario de una ciudad que, afortunadamente, se encuentra en constante crecimiento<\/p>\n","protected":false},"excerpt":{"rendered":"<p>Celebramos hoy 31 de octubre un nuevo aniversario de nuestro Partido. La conmemoraci\u00f3n organizada por la Municipalidad tendr\u00e1 lugar el domingo en el Polo Cultural. Nuestras autoridades decidieron conmemorar cada la creaci\u00f3n&#8230;<\/p>\n","protected":false},"author":1,"featured_media":4275,"comment_status":"open","ping_status":"open","sticky":false,"template":"","format":"standard","meta":{"footnotes":""},"categories":[3],"tags":[],"class_list":["post-4325","post","type-post","status-publish","format-standard","has-post-thumbnail","hentry","category-general"],"_links":{"self":[{"href":"https:\/\/emisoracolon.com.ar\/index.php\/wp-json\/wp\/v2\/posts\/4325","targetHints":{"allow":["GET"]}}],"collection":[{"href":"https:\/\/emisoracolon.com.ar\/index.php\/wp-json\/wp\/v2\/posts"}],"about":[{"href":"https:\/\/emisoracolon.com.ar\/index.php\/wp-json\/wp\/v2\/types\/post"}],"author":[{"embeddable":true,"href":"https:\/\/emisoracolon.com.ar\/index.php\/wp-json\/wp\/v2\/users\/1"}],"replies":[{"embeddable":true,"href":"https:\/\/emisoracolon.com.ar\/index.php\/wp-json\/wp\/v2\/comments?post=4325"}],"version-history":[{"count":1,"href":"https:\/\/emisoracolon.com.ar\/index.php\/wp-json\/wp\/v2\/posts\/4325\/revisions"}],"predecessor-version":[{"id":4326,"href":"https:\/\/emisoracolon.com.ar\/index.php\/wp-json\/wp\/v2\/posts\/4325\/revisions\/4326"}],"wp:featuredmedia":[{"embeddable":true,"href":"https:\/\/emisoracolon.com.ar\/index.php\/wp-json\/wp\/v2\/media\/4275"}],"wp:attachment":[{"href":"https:\/\/emisoracolon.com.ar\/index.php\/wp-json\/wp\/v2\/media?parent=4325"}],"wp:term":[{"taxonomy":"category","embeddable":true,"href":"https:\/\/emisoracolon.com.ar\/index.php\/wp-json\/wp\/v2\/categories?post=4325"},{"taxonomy":"post_tag","embeddable":true,"href":"https:\/\/emisoracolon.com.ar\/index.php\/wp-json\/wp\/v2\/tags?post=4325"}],"curies":[{"name":"wp","href":"https:\/\/api.w.org\/{rel}","templated":true}]}}