{"id":4271,"date":"2024-10-28T17:40:46","date_gmt":"2024-10-28T20:40:46","guid":{"rendered":"https:\/\/emisoracolon.com.ar\/?p=4271"},"modified":"2024-10-28T17:40:46","modified_gmt":"2024-10-28T20:40:46","slug":"pesar-por-el-fallecimiento-de-victor-calvigioni","status":"publish","type":"post","link":"https:\/\/emisoracolon.com.ar\/index.php\/2024\/10\/28\/pesar-por-el-fallecimiento-de-victor-calvigioni\/","title":{"rendered":"Pesar por el fallecimiento de Victor Calvigioni"},"content":{"rendered":"\n<p>El intendente Waldemar Giordano, junto a todo su equipo, desean hacer llegar las condolencias a familiares y amigos de Victor Calvigioni.<\/p>\n\n\n\n<p>V\u00edctor fue un respetado trabajador municipal durante muchos a\u00f1os y, adem\u00e1s, desarroll\u00f3 el oficio de periodista a lo largo de toda su vida con un enorme compromiso.<\/p>\n\n\n\n<p>Recorri\u00f3 distintas redacciones y espacios de comunicaci\u00f3n hasta crear Col\u00f3n Doce, su propio medio gr\u00e1fico. M\u00e1s tarde, con la presencia de las nuevas tecnolog\u00edas, cre\u00f3 el portal digital &#8220;El Faro&#8221;, una herramienta que es pionera en el ejercicio de contar los sucesos de la comunidad con inmediatez, responsabilidad y objetividad.<\/p>\n\n\n\n<p>Nuestro saludo afectuoso a sus dos hijos y a todos sus seres queridos<\/p>\n\n\n\n<p>Tambi\u00e9n los bomberos voluntarios se refirieron al fallecimiento del Col\u00f3n, destacando el acompa\u00f1amiento informativo que siempre les brind\u00f3.<\/p>\n","protected":false},"excerpt":{"rendered":"<p>El intendente Waldemar Giordano, junto a todo su equipo, desean hacer llegar las condolencias a familiares y amigos de Victor Calvigioni. V\u00edctor fue un respetado trabajador municipal durante muchos a\u00f1os y, adem\u00e1s,&#8230;<\/p>\n","protected":false},"author":1,"featured_media":4272,"comment_status":"open","ping_status":"open","sticky":false,"template":"","format":"standard","meta":{"footnotes":""},"categories":[8],"tags":[],"class_list":["post-4271","post","type-post","status-publish","format-standard","has-post-thumbnail","hentry","category-necrologicas"],"_links":{"self":[{"href":"https:\/\/emisoracolon.com.ar\/index.php\/wp-json\/wp\/v2\/posts\/4271","targetHints":{"allow":["GET"]}}],"collection":[{"href":"https:\/\/emisoracolon.com.ar\/index.php\/wp-json\/wp\/v2\/posts"}],"about":[{"href":"https:\/\/emisoracolon.com.ar\/index.php\/wp-json\/wp\/v2\/types\/post"}],"author":[{"embeddable":true,"href":"https:\/\/emisoracolon.com.ar\/index.php\/wp-json\/wp\/v2\/users\/1"}],"replies":[{"embeddable":true,"href":"https:\/\/emisoracolon.com.ar\/index.php\/wp-json\/wp\/v2\/comments?post=4271"}],"version-history":[{"count":1,"href":"https:\/\/emisoracolon.com.ar\/index.php\/wp-json\/wp\/v2\/posts\/4271\/revisions"}],"predecessor-version":[{"id":4273,"href":"https:\/\/emisoracolon.com.ar\/index.php\/wp-json\/wp\/v2\/posts\/4271\/revisions\/4273"}],"wp:featuredmedia":[{"embeddable":true,"href":"https:\/\/emisoracolon.com.ar\/index.php\/wp-json\/wp\/v2\/media\/4272"}],"wp:attachment":[{"href":"https:\/\/emisoracolon.com.ar\/index.php\/wp-json\/wp\/v2\/media?parent=4271"}],"wp:term":[{"taxonomy":"category","embeddable":true,"href":"https:\/\/emisoracolon.com.ar\/index.php\/wp-json\/wp\/v2\/categories?post=4271"},{"taxonomy":"post_tag","embeddable":true,"href":"https:\/\/emisoracolon.com.ar\/index.php\/wp-json\/wp\/v2\/tags?post=4271"}],"curies":[{"name":"wp","href":"https:\/\/api.w.org\/{rel}","templated":true}]}}