{"id":4266,"date":"2024-10-27T09:43:16","date_gmt":"2024-10-27T12:43:16","guid":{"rendered":"https:\/\/emisoracolon.com.ar\/?p=4266"},"modified":"2024-10-27T11:10:02","modified_gmt":"2024-10-27T14:10:02","slug":"domingo-27-oct-2024","status":"publish","type":"post","link":"https:\/\/emisoracolon.com.ar\/index.php\/2024\/10\/27\/domingo-27-oct-2024\/","title":{"rendered":"Domingo 27 Oct 2024"},"content":{"rendered":"\n<p>Falleci\u00f3 ayer BARTOLOME MEDINA. 61 a\u00f1os<\/p>\n\n\n\n<p>Domicilio: 38 entre 23 y 24<\/p>\n\n\n\n<p>Sepelio: Ayer S\u00e1bado. 11:00 hs.<\/p>\n\n\n\n<p>Falleci\u00f3 hoy VICTOR OSCAR CALVIGIONI. 69 a\u00f1os<\/p>\n\n\n\n<p>Velatorio sala 4 SPSF<\/p>\n\n\n\n<p>Domicilio: 48 20\/21<\/p>\n\n\n\n<p>Sepelio hoy 15:00 hs<\/p>\n","protected":false},"excerpt":{"rendered":"<p>Falleci\u00f3 ayer BARTOLOME MEDINA. 61 a\u00f1os Domicilio: 38 entre 23 y 24 Sepelio: Ayer S\u00e1bado. 11:00 hs. Falleci\u00f3 hoy VICTOR OSCAR CALVIGIONI. 69 a\u00f1os Velatorio sala 4 SPSF Domicilio: 48 20\/21 Sepelio&#8230;<\/p>\n","protected":false},"author":1,"featured_media":0,"comment_status":"open","ping_status":"open","sticky":false,"template":"","format":"standard","meta":{"footnotes":""},"categories":[8],"tags":[],"class_list":["post-4266","post","type-post","status-publish","format-standard","hentry","category-necrologicas"],"_links":{"self":[{"href":"https:\/\/emisoracolon.com.ar\/index.php\/wp-json\/wp\/v2\/posts\/4266","targetHints":{"allow":["GET"]}}],"collection":[{"href":"https:\/\/emisoracolon.com.ar\/index.php\/wp-json\/wp\/v2\/posts"}],"about":[{"href":"https:\/\/emisoracolon.com.ar\/index.php\/wp-json\/wp\/v2\/types\/post"}],"author":[{"embeddable":true,"href":"https:\/\/emisoracolon.com.ar\/index.php\/wp-json\/wp\/v2\/users\/1"}],"replies":[{"embeddable":true,"href":"https:\/\/emisoracolon.com.ar\/index.php\/wp-json\/wp\/v2\/comments?post=4266"}],"version-history":[{"count":3,"href":"https:\/\/emisoracolon.com.ar\/index.php\/wp-json\/wp\/v2\/posts\/4266\/revisions"}],"predecessor-version":[{"id":4270,"href":"https:\/\/emisoracolon.com.ar\/index.php\/wp-json\/wp\/v2\/posts\/4266\/revisions\/4270"}],"wp:attachment":[{"href":"https:\/\/emisoracolon.com.ar\/index.php\/wp-json\/wp\/v2\/media?parent=4266"}],"wp:term":[{"taxonomy":"category","embeddable":true,"href":"https:\/\/emisoracolon.com.ar\/index.php\/wp-json\/wp\/v2\/categories?post=4266"},{"taxonomy":"post_tag","embeddable":true,"href":"https:\/\/emisoracolon.com.ar\/index.php\/wp-json\/wp\/v2\/tags?post=4266"}],"curies":[{"name":"wp","href":"https:\/\/api.w.org\/{rel}","templated":true}]}}