{"id":4260,"date":"2024-10-25T17:24:24","date_gmt":"2024-10-25T20:24:24","guid":{"rendered":"https:\/\/emisoracolon.com.ar\/?p=4260"},"modified":"2024-10-25T17:29:18","modified_gmt":"2024-10-25T20:29:18","slug":"obreros-municipales-no-esta-de-acuerdo-con-la-situacion-de-los-empleados-del-municipio","status":"publish","type":"post","link":"https:\/\/emisoracolon.com.ar\/index.php\/2024\/10\/25\/obreros-municipales-no-esta-de-acuerdo-con-la-situacion-de-los-empleados-del-municipio\/","title":{"rendered":"Obreros Municipales no est\u00e1 de acuerdo con la situaci\u00f3n de los empleados del municipio"},"content":{"rendered":"\n<p>La comisi\u00f3n directiva de la Asociaci\u00f3n Sindical de Obreros y Empleados Municipales ha convocado a una asamblea extraordinaria, ante la disconformidad generalizada de los empleados respecto a temas salariales, de indumentaria, higiene y materiales de trabajo, seg\u00fan inform\u00f3 su titular, Dar\u00edo Alustiza. Alustiza destac\u00f3 que el Ejecutivo ha tratado el tema salarial con &#8220;autoritarismo&#8221; y que \u00e9l mismo, por razones de salud, no pudo participar de las \u00faltimas negociaciones, realizadas sin una paritaria formal.<\/p>\n\n\n\n<p>El sindicato manifest\u00f3 su rechazo al acuerdo salarial firmado por otros gremios, calificando el proceso de &#8220;intimidatorio&#8221;. Adem\u00e1s, subray\u00f3 que presentaron al municipio una nota con m\u00e1s de 250 firmas solicitando mejoras no solo salariales, sino tambi\u00e9n en condiciones laborales, lo cual no fue tenido en cuenta.<\/p>\n\n\n\n<p>En respuesta, los trabajadores se encuentran en estado de asamblea permanente, en coordinaci\u00f3n con su abogada y la federaci\u00f3n gremial. La decisi\u00f3n es realizar una asamblea extraordinaria el pr\u00f3ximo 4 de noviembre, a las 9:00 a.m., en el domicilio del secretario general, ubicado en calle 46 entre 128 y 129. Al evento asistir\u00e1 un veedor del Ministerio de Trabajo y representantes de la federaci\u00f3n y confederaci\u00f3n sindicales para evaluar los pasos a seguir, ante lo que consideran un &#8220;abandono total&#8221; de las \u00e1reas municipales.<\/p>\n\n\n\n<p>Finalmente, Alustiza subray\u00f3 que la falta de recursos y condiciones afecta directamente a los servicios municipales, perjudicando a la comunidad y creando un ambiente de malestar general entre los empleados, quienes se sienten desprotegidos y desilusionados ante la gesti\u00f3n actual.<\/p>\n\n\n\n<p><strong>Es la peor gesti\u00f3n local<\/strong><\/p>\n\n\n\n<p>Dar\u00edo Alustiza fue contundente en sus cr\u00edticas, calificando la actual gesti\u00f3n municipal como la peor, y se refiri\u00f3 a la situaci\u00f3n de los empleados: \u201cEl trabajador necesita herramientas, insumos, veh\u00edculos en condiciones para poder realizar sus tareas; necesita ropa, calzado, elementos de seguridad. No puede ser que ahora no se entreguen las fajas de seguridad porque requieren una orden m\u00e9dica. No, deben entregarse porque son un elemento de seguridad, al igual que los borcegu\u00edes&#8221;.<\/p>\n\n\n\n<p>Continu\u00f3 diciendo que, en sus diez meses, esta ha sido &#8220;la peor gesti\u00f3n local&#8221;. A nivel nacional se\u00f1al\u00f3 a Milei como la peor gesti\u00f3n, y a nivel local critic\u00f3 fuertemente la de Waldemar Giordano, afirmando que &#8220;solo se rodea de quienes siempre est\u00e1n de acuerdo y firman todo&#8221;.<\/p>\n\n\n\n<p>Alustiza tambi\u00e9n mencion\u00f3 que la falta de condiciones para realizar el trabajo afecta directamente a la comunidad. \u201cLos trabajadores hacen lo que pueden con lo que tienen, pero obviamente quienes se ven perjudicados son los vecinos. Cuando un recolector de residuos est\u00e1 roto, cuando las barredoras no funcionan, o cuando no hay una pala para recolectar basura gruesa, esto impacta en el servicio\u201d, agreg\u00f3. Tambi\u00e9n mencion\u00f3 problemas con las ca\u00f1er\u00edas de agua, las cuales siguen revent\u00e1ndose.<\/p>\n\n\n\n<p>Finalmente, expres\u00f3: \u201cHoy tenemos una jefatura en el corral\u00f3n que es un caos. Todo el mundo se queja, y eso no sucedi\u00f3 en los 20 a\u00f1os de gesti\u00f3n de los Casi. Esta destrucci\u00f3n total del Estado Municipal en todas las \u00e1reas la lograron estos chicos en solo diez meses\u201d.<\/p>\n","protected":false},"excerpt":{"rendered":"<p>La comisi\u00f3n directiva de la Asociaci\u00f3n Sindical de Obreros y Empleados Municipales ha convocado a una asamblea extraordinaria, ante la disconformidad generalizada de los empleados respecto a temas salariales, de indumentaria, higiene&#8230;<\/p>\n","protected":false},"author":1,"featured_media":4262,"comment_status":"open","ping_status":"open","sticky":false,"template":"","format":"standard","meta":{"footnotes":""},"categories":[1],"tags":[],"class_list":["post-4260","post","type-post","status-publish","format-standard","has-post-thumbnail","hentry","category-sin-categoria"],"_links":{"self":[{"href":"https:\/\/emisoracolon.com.ar\/index.php\/wp-json\/wp\/v2\/posts\/4260","targetHints":{"allow":["GET"]}}],"collection":[{"href":"https:\/\/emisoracolon.com.ar\/index.php\/wp-json\/wp\/v2\/posts"}],"about":[{"href":"https:\/\/emisoracolon.com.ar\/index.php\/wp-json\/wp\/v2\/types\/post"}],"author":[{"embeddable":true,"href":"https:\/\/emisoracolon.com.ar\/index.php\/wp-json\/wp\/v2\/users\/1"}],"replies":[{"embeddable":true,"href":"https:\/\/emisoracolon.com.ar\/index.php\/wp-json\/wp\/v2\/comments?post=4260"}],"version-history":[{"count":1,"href":"https:\/\/emisoracolon.com.ar\/index.php\/wp-json\/wp\/v2\/posts\/4260\/revisions"}],"predecessor-version":[{"id":4261,"href":"https:\/\/emisoracolon.com.ar\/index.php\/wp-json\/wp\/v2\/posts\/4260\/revisions\/4261"}],"wp:featuredmedia":[{"embeddable":true,"href":"https:\/\/emisoracolon.com.ar\/index.php\/wp-json\/wp\/v2\/media\/4262"}],"wp:attachment":[{"href":"https:\/\/emisoracolon.com.ar\/index.php\/wp-json\/wp\/v2\/media?parent=4260"}],"wp:term":[{"taxonomy":"category","embeddable":true,"href":"https:\/\/emisoracolon.com.ar\/index.php\/wp-json\/wp\/v2\/categories?post=4260"},{"taxonomy":"post_tag","embeddable":true,"href":"https:\/\/emisoracolon.com.ar\/index.php\/wp-json\/wp\/v2\/tags?post=4260"}],"curies":[{"name":"wp","href":"https:\/\/api.w.org\/{rel}","templated":true}]}}