{"id":4258,"date":"2024-10-25T17:23:27","date_gmt":"2024-10-25T20:23:27","guid":{"rendered":"https:\/\/emisoracolon.com.ar\/?p=4258"},"modified":"2024-10-25T17:23:27","modified_gmt":"2024-10-25T20:23:27","slug":"necco-apoyo-a-la-universidad-reclamo-a-la-provincia","status":"publish","type":"post","link":"https:\/\/emisoracolon.com.ar\/index.php\/2024\/10\/25\/necco-apoyo-a-la-universidad-reclamo-a-la-provincia\/","title":{"rendered":"Necco: apoyo a la Universidad, reclamo a la Provincia"},"content":{"rendered":"\n<p>Claudia Necco, concejala de Juntos por el Cambio en el Concejo Deliberante, expres\u00f3 su apoyo a los dos proyectos de resoluci\u00f3n que repudian el veto del presidente Javier Milei a la Ley de Financiamiento Educativo Universitario. &#8220;Acompa\u00f1aremos estos proyectos porque creemos en la necesidad de la universidad p\u00fablica&#8221;, afirm\u00f3. Sin embargo, se\u00f1al\u00f3 tambi\u00e9n la problem\u00e1tica de los bajos sueldos docentes en la provincia de Buenos Aires, observando que como profesoras conocen la insuficiencia de sus ingresos.<\/p>\n\n\n\n<p>En respuesta, Silvana Desimone mencion\u00f3 el recorte del Fondo de Desarrollo Docente por parte del Gobierno Nacional, lo cual dificulta la situaci\u00f3n en la educaci\u00f3n provincial. Desimone explic\u00f3 que el gobierno transfiere responsabilidades al gobernador Axel Kicillof, generando una &#8220;cadena de recortes&#8221;.<\/p>\n\n\n\n<p>Necco celebr\u00f3 que el Plan Fines, que permite completar estudios, siga vigente en Buenos Aires, brindando oportunidades a quienes no lograron terminarlos en su momento. Finalmente, Necco se comprometi\u00f3 a abogar por una mayor asignaci\u00f3n presupuestaria para educaci\u00f3n en 2025 \u201cme comprometo, s\u00ed tengo la oportunidad de conversar con alguno de nuestros legisladores, pedirle que traten de modificar el presupuesto 2025 para que educaci\u00f3n tenga m\u00e1s recursos\u201d.<\/p>\n","protected":false},"excerpt":{"rendered":"<p>Claudia Necco, concejala de Juntos por el Cambio en el Concejo Deliberante, expres\u00f3 su apoyo a los dos proyectos de resoluci\u00f3n que repudian el veto del presidente Javier Milei a la Ley&#8230;<\/p>\n","protected":false},"author":1,"featured_media":0,"comment_status":"open","ping_status":"open","sticky":false,"template":"","format":"standard","meta":{"footnotes":""},"categories":[1],"tags":[],"class_list":["post-4258","post","type-post","status-publish","format-standard","hentry","category-sin-categoria"],"_links":{"self":[{"href":"https:\/\/emisoracolon.com.ar\/index.php\/wp-json\/wp\/v2\/posts\/4258","targetHints":{"allow":["GET"]}}],"collection":[{"href":"https:\/\/emisoracolon.com.ar\/index.php\/wp-json\/wp\/v2\/posts"}],"about":[{"href":"https:\/\/emisoracolon.com.ar\/index.php\/wp-json\/wp\/v2\/types\/post"}],"author":[{"embeddable":true,"href":"https:\/\/emisoracolon.com.ar\/index.php\/wp-json\/wp\/v2\/users\/1"}],"replies":[{"embeddable":true,"href":"https:\/\/emisoracolon.com.ar\/index.php\/wp-json\/wp\/v2\/comments?post=4258"}],"version-history":[{"count":1,"href":"https:\/\/emisoracolon.com.ar\/index.php\/wp-json\/wp\/v2\/posts\/4258\/revisions"}],"predecessor-version":[{"id":4259,"href":"https:\/\/emisoracolon.com.ar\/index.php\/wp-json\/wp\/v2\/posts\/4258\/revisions\/4259"}],"wp:attachment":[{"href":"https:\/\/emisoracolon.com.ar\/index.php\/wp-json\/wp\/v2\/media?parent=4258"}],"wp:term":[{"taxonomy":"category","embeddable":true,"href":"https:\/\/emisoracolon.com.ar\/index.php\/wp-json\/wp\/v2\/categories?post=4258"},{"taxonomy":"post_tag","embeddable":true,"href":"https:\/\/emisoracolon.com.ar\/index.php\/wp-json\/wp\/v2\/tags?post=4258"}],"curies":[{"name":"wp","href":"https:\/\/api.w.org\/{rel}","templated":true}]}}