{"id":4255,"date":"2024-10-25T17:19:00","date_gmt":"2024-10-25T20:19:00","guid":{"rendered":"https:\/\/emisoracolon.com.ar\/?p=4255"},"modified":"2024-10-25T17:19:00","modified_gmt":"2024-10-25T20:19:00","slug":"silvana-desimone-las-universidades-requieren-apoyo-permanente","status":"publish","type":"post","link":"https:\/\/emisoracolon.com.ar\/index.php\/2024\/10\/25\/silvana-desimone-las-universidades-requieren-apoyo-permanente\/","title":{"rendered":"Silvana Desimone \u201cLas universidades requieren apoyo permanente\u201d"},"content":{"rendered":"\n<p>Silvana Desimone, concejala de Uni\u00f3n por la Patria de Col\u00f3n, se refiri\u00f3 al financiamiento de las universidades en momento como los que transcurren y afirm\u00f3 \u201csu sostenimiento depende de pol\u00edticas p\u00fablicas y un presupuesto que respalde tanto a estudiantes como a docentes. Las universidades no son algo que surge de la nada; requieren inversi\u00f3n y apoyo constante&#8221;, expres\u00f3. Destac\u00f3 que estas instituciones forman a profesionales que luego sirven a la comunidad, como m\u00e9dicos que realizan sus pr\u00e1cticas en hospitales y profesores que ense\u00f1an en clubes y centros deportivos.<\/p>\n\n\n\n<p>Desimone subray\u00f3 la reciente movilizaci\u00f3n en defensa del sistema universitario, con alumnos y docentes en 54 universidades protestando para visibilizar la problem\u00e1tica. Record\u00f3 que algunos sectores terciarios, como el instituto local, tambi\u00e9n respaldan esta causa.<\/p>\n\n\n\n<p>En cuanto al presupuesto 2025, Desimone inst\u00f3 a los concejales a dialogar con los legisladores para asegurar un presupuesto adecuado que respalde a las universidades. &#8220;No podemos quedarnos en palabras, debemos hacer que nuestros diputados peleen por este financiamiento esencial&#8221;, agreg\u00f3, advirtiendo sobre los efectos negativos de recortes anteriores, como los sufridos por los jubilados.<\/p>\n\n\n\n<p>La concejala tambi\u00e9n destac\u00f3 la masiva movilizaci\u00f3n a nivel nacional, mencionando que, aunque los medios se enfocan en la capital, ciudades como C\u00f3rdoba tambi\u00e9n han mostrado un apoyo significativo. Concluy\u00f3 con un llamado a la acci\u00f3n: &#8220;Compromet\u00e1monos todos a hablar con nuestros legisladores para que en 2025 tengamos un presupuesto que respalde nuestras universidades&#8221;.<\/p>\n","protected":false},"excerpt":{"rendered":"<p>Silvana Desimone, concejala de Uni\u00f3n por la Patria de Col\u00f3n, se refiri\u00f3 al financiamiento de las universidades en momento como los que transcurren y afirm\u00f3 \u201csu sostenimiento depende de pol\u00edticas p\u00fablicas y&#8230;<\/p>\n","protected":false},"author":1,"featured_media":0,"comment_status":"open","ping_status":"open","sticky":false,"template":"","format":"standard","meta":{"footnotes":""},"categories":[1],"tags":[],"class_list":["post-4255","post","type-post","status-publish","format-standard","hentry","category-sin-categoria"],"_links":{"self":[{"href":"https:\/\/emisoracolon.com.ar\/index.php\/wp-json\/wp\/v2\/posts\/4255","targetHints":{"allow":["GET"]}}],"collection":[{"href":"https:\/\/emisoracolon.com.ar\/index.php\/wp-json\/wp\/v2\/posts"}],"about":[{"href":"https:\/\/emisoracolon.com.ar\/index.php\/wp-json\/wp\/v2\/types\/post"}],"author":[{"embeddable":true,"href":"https:\/\/emisoracolon.com.ar\/index.php\/wp-json\/wp\/v2\/users\/1"}],"replies":[{"embeddable":true,"href":"https:\/\/emisoracolon.com.ar\/index.php\/wp-json\/wp\/v2\/comments?post=4255"}],"version-history":[{"count":1,"href":"https:\/\/emisoracolon.com.ar\/index.php\/wp-json\/wp\/v2\/posts\/4255\/revisions"}],"predecessor-version":[{"id":4256,"href":"https:\/\/emisoracolon.com.ar\/index.php\/wp-json\/wp\/v2\/posts\/4255\/revisions\/4256"}],"wp:attachment":[{"href":"https:\/\/emisoracolon.com.ar\/index.php\/wp-json\/wp\/v2\/media?parent=4255"}],"wp:term":[{"taxonomy":"category","embeddable":true,"href":"https:\/\/emisoracolon.com.ar\/index.php\/wp-json\/wp\/v2\/categories?post=4255"},{"taxonomy":"post_tag","embeddable":true,"href":"https:\/\/emisoracolon.com.ar\/index.php\/wp-json\/wp\/v2\/tags?post=4255"}],"curies":[{"name":"wp","href":"https:\/\/api.w.org\/{rel}","templated":true}]}}