{"id":4253,"date":"2024-10-25T17:17:36","date_gmt":"2024-10-25T20:17:36","guid":{"rendered":"https:\/\/emisoracolon.com.ar\/?p=4253"},"modified":"2024-10-25T17:34:23","modified_gmt":"2024-10-25T20:34:23","slug":"4253","status":"publish","type":"post","link":"https:\/\/emisoracolon.com.ar\/index.php\/2024\/10\/25\/4253\/","title":{"rendered":"Roc\u00edo Mart\u00ednez: La educaci\u00f3n transforma vidas"},"content":{"rendered":"\n<p><\/p>\n\n\n\n<p>La concejala Roc\u00edo Mart\u00ednez expres\u00f3 su repudio al decreto 879\/24 emitido por el Poder Ejecutivo Nacional, que veta la ley 27757 de Financiamiento Educativo Universitario, firmado por el presidente Javier Milei y respaldado por sus aliados legislativos &#8220;de espaldas al pueblo&#8221;. Mart\u00ednez, de Uni\u00f3n por la Patria, subray\u00f3 que este veto contradice los valores hist\u00f3ricos de su espacio, comprometido con la educaci\u00f3n superior para los sectores populares. Record\u00f3 que, bajo las presidencias de Cristina Fern\u00e1ndez de Kirchner, se crearon 17 universidades p\u00fablicas, muchas en el Conurbano, dando acceso universitario a las primeras generaciones de familias vulnerables.<\/p>\n\n\n\n<p>Mart\u00ednez enfatiz\u00f3 que &#8220;la educaci\u00f3n transforma vidas&#8221; y que el Estado debe garantizar este derecho, especialmente para los hijos de trabajadores y personas en situaci\u00f3n de vulnerabilidad. Adem\u00e1s, consider\u00f3 fundamental que la educaci\u00f3n sea vista como una inversi\u00f3n, no un gasto, y reiter\u00f3 su compromiso con la juventud, sosteniendo que la educaci\u00f3n es clave para su desarrollo.<\/p>\n\n\n\n<p>La concejala critic\u00f3 la crisis del sistema universitario bajo el gobierno de Milei, destacando una ca\u00edda real del 34,4% en el presupuesto universitario y un 32% en ciencia y tecnolog\u00eda. Subray\u00f3 tambi\u00e9n que el veto elimina la previsi\u00f3n de una actualizaci\u00f3n bimestral de gastos, la recomposici\u00f3n salarial en l\u00ednea con la inflaci\u00f3n y el incremento presupuestario propuesto desde enero de 2024.<\/p>\n\n\n\n<p>Adem\u00e1s, mencion\u00f3 que nunca se discuti\u00f3 a fondo el desarrollo del sistema universitario y refut\u00f3 los argumentos oficiales sobre el costo fiscal y la auditor\u00eda, observando que las universidades ya son auditadas, mientras que la SIDE no lo es. Seg\u00fan Mart\u00ednez, el Gobierno no busca fortalecer el sistema educativo, sino que &#8220;tiene la decisi\u00f3n pol\u00edtica de destruir el Estado&#8221;.<\/p>\n\n\n\n<p>Finalmente, Mart\u00ednez reafirm\u00f3 su apoyo al sistema p\u00fablico de educaci\u00f3n y su papel en el ascenso social y el desarrollo nacional.<\/p>\n","protected":false},"excerpt":{"rendered":"<p>La concejala Roc\u00edo Mart\u00ednez expres\u00f3 su repudio al decreto 879\/24 emitido por el Poder Ejecutivo Nacional, que veta la ley 27757 de Financiamiento Educativo Universitario, firmado por el presidente Javier Milei y&#8230;<\/p>\n","protected":false},"author":1,"featured_media":0,"comment_status":"open","ping_status":"open","sticky":false,"template":"","format":"standard","meta":{"footnotes":""},"categories":[1],"tags":[],"class_list":["post-4253","post","type-post","status-publish","format-standard","hentry","category-sin-categoria"],"_links":{"self":[{"href":"https:\/\/emisoracolon.com.ar\/index.php\/wp-json\/wp\/v2\/posts\/4253","targetHints":{"allow":["GET"]}}],"collection":[{"href":"https:\/\/emisoracolon.com.ar\/index.php\/wp-json\/wp\/v2\/posts"}],"about":[{"href":"https:\/\/emisoracolon.com.ar\/index.php\/wp-json\/wp\/v2\/types\/post"}],"author":[{"embeddable":true,"href":"https:\/\/emisoracolon.com.ar\/index.php\/wp-json\/wp\/v2\/users\/1"}],"replies":[{"embeddable":true,"href":"https:\/\/emisoracolon.com.ar\/index.php\/wp-json\/wp\/v2\/comments?post=4253"}],"version-history":[{"count":3,"href":"https:\/\/emisoracolon.com.ar\/index.php\/wp-json\/wp\/v2\/posts\/4253\/revisions"}],"predecessor-version":[{"id":4264,"href":"https:\/\/emisoracolon.com.ar\/index.php\/wp-json\/wp\/v2\/posts\/4253\/revisions\/4264"}],"wp:attachment":[{"href":"https:\/\/emisoracolon.com.ar\/index.php\/wp-json\/wp\/v2\/media?parent=4253"}],"wp:term":[{"taxonomy":"category","embeddable":true,"href":"https:\/\/emisoracolon.com.ar\/index.php\/wp-json\/wp\/v2\/categories?post=4253"},{"taxonomy":"post_tag","embeddable":true,"href":"https:\/\/emisoracolon.com.ar\/index.php\/wp-json\/wp\/v2\/tags?post=4253"}],"curies":[{"name":"wp","href":"https:\/\/api.w.org\/{rel}","templated":true}]}}