{"id":4206,"date":"2024-10-23T16:47:52","date_gmt":"2024-10-23T19:47:52","guid":{"rendered":"https:\/\/emisoracolon.com.ar\/?p=4206"},"modified":"2024-10-23T16:47:52","modified_gmt":"2024-10-23T19:47:52","slug":"miercoles-23-de-octubre-del-2024","status":"publish","type":"post","link":"https:\/\/emisoracolon.com.ar\/index.php\/2024\/10\/23\/miercoles-23-de-octubre-del-2024\/","title":{"rendered":"Miercoles, 23 de Octubre del 2024"},"content":{"rendered":"\n<p><br>Falleci\u00f3 Mar\u00eda Virgina Medina de Montoto a los 73 a\u00f1os. Sep<br>elio hoy 11:00h<br>en Cementerio Parque El Prado.<br>C<br>asa de duelo en 12 entre 42 y 43.Servicio adherido a la Cooperativa El\u00e9ctrica de Col\u00f3n.<\/p>\n","protected":false},"excerpt":{"rendered":"<p>Falleci\u00f3 Mar\u00eda Virgina Medina de Montoto a los 73 a\u00f1os. Sepelio hoy 11:00hen Cementerio Parque El Prado.Casa de duelo en 12 entre 42 y 43.Servicio adherido a la Cooperativa El\u00e9ctrica de Col\u00f3n.<\/p>\n","protected":false},"author":1,"featured_media":3438,"comment_status":"open","ping_status":"open","sticky":false,"template":"","format":"standard","meta":{"footnotes":""},"categories":[8],"tags":[],"class_list":["post-4206","post","type-post","status-publish","format-standard","has-post-thumbnail","hentry","category-necrologicas"],"_links":{"self":[{"href":"https:\/\/emisoracolon.com.ar\/index.php\/wp-json\/wp\/v2\/posts\/4206","targetHints":{"allow":["GET"]}}],"collection":[{"href":"https:\/\/emisoracolon.com.ar\/index.php\/wp-json\/wp\/v2\/posts"}],"about":[{"href":"https:\/\/emisoracolon.com.ar\/index.php\/wp-json\/wp\/v2\/types\/post"}],"author":[{"embeddable":true,"href":"https:\/\/emisoracolon.com.ar\/index.php\/wp-json\/wp\/v2\/users\/1"}],"replies":[{"embeddable":true,"href":"https:\/\/emisoracolon.com.ar\/index.php\/wp-json\/wp\/v2\/comments?post=4206"}],"version-history":[{"count":1,"href":"https:\/\/emisoracolon.com.ar\/index.php\/wp-json\/wp\/v2\/posts\/4206\/revisions"}],"predecessor-version":[{"id":4207,"href":"https:\/\/emisoracolon.com.ar\/index.php\/wp-json\/wp\/v2\/posts\/4206\/revisions\/4207"}],"wp:featuredmedia":[{"embeddable":true,"href":"https:\/\/emisoracolon.com.ar\/index.php\/wp-json\/wp\/v2\/media\/3438"}],"wp:attachment":[{"href":"https:\/\/emisoracolon.com.ar\/index.php\/wp-json\/wp\/v2\/media?parent=4206"}],"wp:term":[{"taxonomy":"category","embeddable":true,"href":"https:\/\/emisoracolon.com.ar\/index.php\/wp-json\/wp\/v2\/categories?post=4206"},{"taxonomy":"post_tag","embeddable":true,"href":"https:\/\/emisoracolon.com.ar\/index.php\/wp-json\/wp\/v2\/tags?post=4206"}],"curies":[{"name":"wp","href":"https:\/\/api.w.org\/{rel}","templated":true}]}}