{"id":4172,"date":"2024-10-21T18:11:25","date_gmt":"2024-10-21T21:11:25","guid":{"rendered":"https:\/\/emisoracolon.com.ar\/?p=4172"},"modified":"2024-10-21T18:11:25","modified_gmt":"2024-10-21T21:11:25","slug":"falto-agua-sobraron-las-quejas","status":"publish","type":"post","link":"https:\/\/emisoracolon.com.ar\/index.php\/2024\/10\/21\/falto-agua-sobraron-las-quejas\/","title":{"rendered":"Falt\u00f3 agua. Sobraron las quejas"},"content":{"rendered":"\n<p>Numerosos vecinos expresaron su descontento por la falta de agua en el Cementerio Municipal, especialmente durante el D\u00eda de la Madre. La gran cantidad de colonenses que acudieron al cementerio se encontr\u00f3 con esta situaci\u00f3n, lo que gener\u00f3 reiteradas quejas. Adem\u00e1s, varios se\u00f1alaron que este problema no se limita solo a ese fin de semana, sino que es una situaci\u00f3n recurrente. Resulta sorprendente que, pese a conocerse la problem\u00e1tica, no se hayan tomado los recaudos necesarios en una fecha tan significativa.<\/p>\n","protected":false},"excerpt":{"rendered":"<p>Numerosos vecinos expresaron su descontento por la falta de agua en el Cementerio Municipal, especialmente durante el D\u00eda de la Madre. La gran cantidad de colonenses que acudieron al cementerio se encontr\u00f3&#8230;<\/p>\n","protected":false},"author":1,"featured_media":4173,"comment_status":"open","ping_status":"open","sticky":false,"template":"","format":"standard","meta":{"footnotes":""},"categories":[3],"tags":[],"class_list":["post-4172","post","type-post","status-publish","format-standard","has-post-thumbnail","hentry","category-general"],"_links":{"self":[{"href":"https:\/\/emisoracolon.com.ar\/index.php\/wp-json\/wp\/v2\/posts\/4172","targetHints":{"allow":["GET"]}}],"collection":[{"href":"https:\/\/emisoracolon.com.ar\/index.php\/wp-json\/wp\/v2\/posts"}],"about":[{"href":"https:\/\/emisoracolon.com.ar\/index.php\/wp-json\/wp\/v2\/types\/post"}],"author":[{"embeddable":true,"href":"https:\/\/emisoracolon.com.ar\/index.php\/wp-json\/wp\/v2\/users\/1"}],"replies":[{"embeddable":true,"href":"https:\/\/emisoracolon.com.ar\/index.php\/wp-json\/wp\/v2\/comments?post=4172"}],"version-history":[{"count":1,"href":"https:\/\/emisoracolon.com.ar\/index.php\/wp-json\/wp\/v2\/posts\/4172\/revisions"}],"predecessor-version":[{"id":4174,"href":"https:\/\/emisoracolon.com.ar\/index.php\/wp-json\/wp\/v2\/posts\/4172\/revisions\/4174"}],"wp:featuredmedia":[{"embeddable":true,"href":"https:\/\/emisoracolon.com.ar\/index.php\/wp-json\/wp\/v2\/media\/4173"}],"wp:attachment":[{"href":"https:\/\/emisoracolon.com.ar\/index.php\/wp-json\/wp\/v2\/media?parent=4172"}],"wp:term":[{"taxonomy":"category","embeddable":true,"href":"https:\/\/emisoracolon.com.ar\/index.php\/wp-json\/wp\/v2\/categories?post=4172"},{"taxonomy":"post_tag","embeddable":true,"href":"https:\/\/emisoracolon.com.ar\/index.php\/wp-json\/wp\/v2\/tags?post=4172"}],"curies":[{"name":"wp","href":"https:\/\/api.w.org\/{rel}","templated":true}]}}