{"id":4155,"date":"2024-10-18T18:14:13","date_gmt":"2024-10-18T21:14:13","guid":{"rendered":"https:\/\/emisoracolon.com.ar\/?p=4155"},"modified":"2024-10-18T18:14:13","modified_gmt":"2024-10-18T21:14:13","slug":"manana-festival-de-salud-mental","status":"publish","type":"post","link":"https:\/\/emisoracolon.com.ar\/index.php\/2024\/10\/18\/manana-festival-de-salud-mental\/","title":{"rendered":"Ma\u00f1ana Festival de Salud Mental"},"content":{"rendered":"\n<p>Ma\u00f1ana se celebrar\u00e1 el segundo Festival de Salud Mental en Rancho La Palmira, de 15:00 a 19:00 horas. El evento ser\u00e1 un espacio para compartir y disfrutar de una tarde diferente, con diversas actividades y muestras de los talleres que se han estado llevando a cabo. Participar\u00e1n chicos de escuelas que ofrecer\u00e1n sus propios talleres, junto con otras presentaciones, como actuaciones musicales y dos grupos de improvisaci\u00f3n que fueron muy bien recibidos en la edici\u00f3n anterior.<\/p>\n\n\n\n<p>El festival tambi\u00e9n contar\u00e1 con servicio de buffet, lo que lo convierte en una oportunidad ideal para disfrutar de una tarde agradable en compa\u00f1\u00eda de amigos y familia. Se invita a los asistentes a llevar reposeras y mates para compartir un momento de encuentro y comunidad.<\/p>\n\n\n\n<p>Este evento forma parte de las actividades que Salud Mental ha venido organizando durante el mes, en el marco de la Semana de la Salud Mental. El pasado mi\u00e9rcoles se realiz\u00f3 el segundo encuentro de la Mesa Local, que cont\u00f3 con la presencia del director provincial de Salud Mental, Mariano Rey, quien particip\u00f3 escuchando y abordando las problem\u00e1ticas territoriales. Ahora, el Festival de Salud Mental continuar\u00e1 esta labor de sensibilizaci\u00f3n y promoci\u00f3n del bienestar comunitario en La Palmira.<\/p>\n","protected":false},"excerpt":{"rendered":"<p>Ma\u00f1ana se celebrar\u00e1 el segundo Festival de Salud Mental en Rancho La Palmira, de 15:00 a 19:00 horas. El evento ser\u00e1 un espacio para compartir y disfrutar de una tarde diferente, con&#8230;<\/p>\n","protected":false},"author":1,"featured_media":3427,"comment_status":"open","ping_status":"open","sticky":false,"template":"","format":"standard","meta":{"footnotes":""},"categories":[7,3],"tags":[],"class_list":["post-4155","post","type-post","status-publish","format-standard","has-post-thumbnail","hentry","category-cultura","category-general"],"_links":{"self":[{"href":"https:\/\/emisoracolon.com.ar\/index.php\/wp-json\/wp\/v2\/posts\/4155","targetHints":{"allow":["GET"]}}],"collection":[{"href":"https:\/\/emisoracolon.com.ar\/index.php\/wp-json\/wp\/v2\/posts"}],"about":[{"href":"https:\/\/emisoracolon.com.ar\/index.php\/wp-json\/wp\/v2\/types\/post"}],"author":[{"embeddable":true,"href":"https:\/\/emisoracolon.com.ar\/index.php\/wp-json\/wp\/v2\/users\/1"}],"replies":[{"embeddable":true,"href":"https:\/\/emisoracolon.com.ar\/index.php\/wp-json\/wp\/v2\/comments?post=4155"}],"version-history":[{"count":1,"href":"https:\/\/emisoracolon.com.ar\/index.php\/wp-json\/wp\/v2\/posts\/4155\/revisions"}],"predecessor-version":[{"id":4156,"href":"https:\/\/emisoracolon.com.ar\/index.php\/wp-json\/wp\/v2\/posts\/4155\/revisions\/4156"}],"wp:featuredmedia":[{"embeddable":true,"href":"https:\/\/emisoracolon.com.ar\/index.php\/wp-json\/wp\/v2\/media\/3427"}],"wp:attachment":[{"href":"https:\/\/emisoracolon.com.ar\/index.php\/wp-json\/wp\/v2\/media?parent=4155"}],"wp:term":[{"taxonomy":"category","embeddable":true,"href":"https:\/\/emisoracolon.com.ar\/index.php\/wp-json\/wp\/v2\/categories?post=4155"},{"taxonomy":"post_tag","embeddable":true,"href":"https:\/\/emisoracolon.com.ar\/index.php\/wp-json\/wp\/v2\/tags?post=4155"}],"curies":[{"name":"wp","href":"https:\/\/api.w.org\/{rel}","templated":true}]}}