{"id":4149,"date":"2024-10-18T18:11:33","date_gmt":"2024-10-18T21:11:33","guid":{"rendered":"https:\/\/emisoracolon.com.ar\/?p=4149"},"modified":"2024-10-18T18:18:02","modified_gmt":"2024-10-18T21:18:02","slug":"ofrenda-floral-en-el-dia-de-la-lealtad","status":"publish","type":"post","link":"https:\/\/emisoracolon.com.ar\/index.php\/2024\/10\/18\/ofrenda-floral-en-el-dia-de-la-lealtad\/","title":{"rendered":"Ofrenda floral en el D\u00eda de la Lealtad"},"content":{"rendered":"\n<p>Cada a\u00f1o, al conmemorarse el D\u00eda de la Lealtad, un grupo de dirigentes y simpatizantes del Peronismo local se re\u00fane en el monolito ubicado en la esquina de las calles 49 y 18 para depositar una ofrenda floral.<\/p>\n\n\n\n<p>En esta ocasi\u00f3n, los expositores Federico Fascioli y Roc\u00edo Mart\u00ednez hicieron hincapi\u00e9 en la necesidad de unificar criterios, dejando de lado las diferencias y priorizando el Movimiento.<\/p>\n\n\n\n<p>En los discursos por el D\u00eda de la Lealtad, en 48 y 17, Federico Fascioli declar\u00f3: \u201cDejemos los nombres para m\u00e1s adelante; enfoqu\u00e9monos en el Movimiento y en la Patria&#8221;. Fascioli enfatiz\u00f3: &#8220;Levantamos todas las banderas y nos emocionamos, pero hay mucha gente que est\u00e1 sufriendo. Por eso, no quiero hablar de la historia del peronismo, ya la conocemos de memoria: nos mataron, nos fusilaron. Ahora debemos mirar hacia adelante, con gente nueva, con quienes estamos demostrando que podemos lograrlo. Todos saben d\u00f3nde trabajo, y all\u00ed veo a personas desesperadas por la situaci\u00f3n que est\u00e1n viviendo. Esto lo vemos en todas partes: la gente empieza a desesperarse. Es momento de dejar las ambiciones personales de lado. Siempre digo que los d\u00edas m\u00e1s felices fueron, son y ser\u00e1n peronistas. Puede sonar trillado, pero somos los \u00fanicos que podemos devolverle a la gente lo que ten\u00eda hace unos a\u00f1os&#8221;.<\/p>\n\n\n\n<p>Por su parte, Roc\u00edo Mart\u00ednez hizo un llamado a asumir una actitud responsable y trabajar para reconstruir un espacio que conquiste a las mayor\u00edas y devuelva la esperanza a los j\u00f3venes. Puso como ejemplo a Nicol\u00e1s, un joven que comenz\u00f3 a militar en la secundaria, acerc\u00e1ndose al peronismo por su historia familiar. Es un militante comprometido que nos inspira a reconquistar a una juventud que hoy se siente desesperanzada y no encuentra un camino claro.<\/p>\n\n\n\n<p>Mart\u00ednez tambi\u00e9n subray\u00f3: &#8220;Debemos seguir luchando, porque sabemos que los derechos conquistados no son permanentes. Es necesario reafirmarnos y hacerlo desde el Movimiento&#8221;.<\/p>\n","protected":false},"excerpt":{"rendered":"<p>Cada a\u00f1o, al conmemorarse el D\u00eda de la Lealtad, un grupo de dirigentes y simpatizantes del Peronismo local se re\u00fane en el monolito ubicado en la esquina de las calles 49 y&#8230;<\/p>\n","protected":false},"author":1,"featured_media":4150,"comment_status":"open","ping_status":"open","sticky":false,"template":"","format":"standard","meta":{"footnotes":""},"categories":[3],"tags":[],"class_list":["post-4149","post","type-post","status-publish","format-standard","has-post-thumbnail","hentry","category-general"],"_links":{"self":[{"href":"https:\/\/emisoracolon.com.ar\/index.php\/wp-json\/wp\/v2\/posts\/4149","targetHints":{"allow":["GET"]}}],"collection":[{"href":"https:\/\/emisoracolon.com.ar\/index.php\/wp-json\/wp\/v2\/posts"}],"about":[{"href":"https:\/\/emisoracolon.com.ar\/index.php\/wp-json\/wp\/v2\/types\/post"}],"author":[{"embeddable":true,"href":"https:\/\/emisoracolon.com.ar\/index.php\/wp-json\/wp\/v2\/users\/1"}],"replies":[{"embeddable":true,"href":"https:\/\/emisoracolon.com.ar\/index.php\/wp-json\/wp\/v2\/comments?post=4149"}],"version-history":[{"count":2,"href":"https:\/\/emisoracolon.com.ar\/index.php\/wp-json\/wp\/v2\/posts\/4149\/revisions"}],"predecessor-version":[{"id":4162,"href":"https:\/\/emisoracolon.com.ar\/index.php\/wp-json\/wp\/v2\/posts\/4149\/revisions\/4162"}],"wp:featuredmedia":[{"embeddable":true,"href":"https:\/\/emisoracolon.com.ar\/index.php\/wp-json\/wp\/v2\/media\/4150"}],"wp:attachment":[{"href":"https:\/\/emisoracolon.com.ar\/index.php\/wp-json\/wp\/v2\/media?parent=4149"}],"wp:term":[{"taxonomy":"category","embeddable":true,"href":"https:\/\/emisoracolon.com.ar\/index.php\/wp-json\/wp\/v2\/categories?post=4149"},{"taxonomy":"post_tag","embeddable":true,"href":"https:\/\/emisoracolon.com.ar\/index.php\/wp-json\/wp\/v2\/tags?post=4149"}],"curies":[{"name":"wp","href":"https:\/\/api.w.org\/{rel}","templated":true}]}}