{"id":4137,"date":"2024-10-17T17:28:49","date_gmt":"2024-10-17T20:28:49","guid":{"rendered":"https:\/\/emisoracolon.com.ar\/?p=4137"},"modified":"2024-10-17T17:28:49","modified_gmt":"2024-10-17T20:28:49","slug":"proponen-reforzar-la-vigilancia-en-el-basural-para-evitar-incendios","status":"publish","type":"post","link":"https:\/\/emisoracolon.com.ar\/index.php\/2024\/10\/17\/proponen-reforzar-la-vigilancia-en-el-basural-para-evitar-incendios\/","title":{"rendered":"Proponen reforzar la vigilancia en el basural para evitar incendios"},"content":{"rendered":"\n<p>El basural de la ciudad volvi\u00f3 a ser tema de debate en el Concejo Deliberante. La concejala Claudia Necco expres\u00f3 su preocupaci\u00f3n por un nuevo incidente ocurrido durante el fin de semana, cuando la basura acumulada en un pozo se incendi\u00f3 y el fuego se extendi\u00f3 hacia un ca\u00f1averal cercano. &#8220;Lo que pedimos desde este bloque es que el Ejecutivo tome cartas en el asunto, porque est\u00e1n comenzando los d\u00edas de calor, y no queremos enfrentar los mismos problemas que el a\u00f1o pasado&#8221;, se\u00f1al\u00f3 Necco.<\/p>\n\n\n\n<p>Como medida de prevenci\u00f3n, la concejala propuso que el Ejecutivo municipal designe a una persona de seguridad para que vigile el basural una vez que el personal termina su jornada laboral, alrededor de las 14:00 o 15:00 horas, y durante los fines de semana. &#8220;Sabemos que hay personas que ingresan al lugar de manera indebida, hemos encontrado alambrados rotos. Es fundamental que alguien recorra y vigile el predio en los momentos en que no hay personal trabajando&#8221;, sostuvo Necco.<\/p>\n\n\n\n<p>Finalmente, la concejala subray\u00f3 la importancia de tomar en serio este problema, ya que los incendios no solo representan un riesgo para el basural, sino tambi\u00e9n para la comunidad, dado que el humo producido por estos fuegos suele llegar hasta la ciudad. &#8220;Espero que desde el Ejecutivo consideren este tema como prioritario, porque nos afecta a todos&#8221;, concluy\u00f3.<\/p>\n\n\n\n<p><strong>17\/10\/24 &#8211; Debate por la pr\u00f3rroga del convenio con el CEAMSE<\/strong><\/p>\n\n\n\n<p>La concejala Claudia Necco record\u00f3 que el pasado 26 de agosto se firm\u00f3 en el Concejo Deliberante una pr\u00f3rroga del convenio con el CEAMSE, sin contar con la aprobaci\u00f3n del bloque de Juntos, que solicitaba m\u00e1s tiempo para analizar el acuerdo en comisi\u00f3n. El convenio original hab\u00eda sido firmado por el intendente el 24 de mayo.<\/p>\n\n\n\n<p>Necco explic\u00f3 que, seg\u00fan los concejales oficialistas, la urgencia por aprobar la pr\u00f3rroga respond\u00eda a la necesidad de contar con el convenio listo para proceder con la licitaci\u00f3n del transporte de la basura hacia el CEAMSE. Sin embargo, subray\u00f3 que &#8220;ha pasado un mes y medio y a\u00fan no tenemos noticias sobre esa licitaci\u00f3n&#8221;. Adem\u00e1s, destac\u00f3 que durante el 2023 no se traslad\u00f3 basura al CEAMSE.<\/p>\n\n\n\n<p>Por su parte, el concejal Carlos Traficante respondi\u00f3 que el convenio se firm\u00f3 como medida preventiva. &#8220;No fue necesario utilizarlo en todo el 2023, y hasta el momento tampoco ha sido necesario. El acuerdo est\u00e1 disponible por si surge alguna eventualidad&#8221;, aclar\u00f3.<\/p>\n","protected":false},"excerpt":{"rendered":"<p>El basural de la ciudad volvi\u00f3 a ser tema de debate en el Concejo Deliberante. La concejala Claudia Necco expres\u00f3 su preocupaci\u00f3n por un nuevo incidente ocurrido durante el fin de semana,&#8230;<\/p>\n","protected":false},"author":1,"featured_media":4138,"comment_status":"open","ping_status":"open","sticky":false,"template":"","format":"standard","meta":{"footnotes":""},"categories":[3],"tags":[],"class_list":["post-4137","post","type-post","status-publish","format-standard","has-post-thumbnail","hentry","category-general"],"_links":{"self":[{"href":"https:\/\/emisoracolon.com.ar\/index.php\/wp-json\/wp\/v2\/posts\/4137","targetHints":{"allow":["GET"]}}],"collection":[{"href":"https:\/\/emisoracolon.com.ar\/index.php\/wp-json\/wp\/v2\/posts"}],"about":[{"href":"https:\/\/emisoracolon.com.ar\/index.php\/wp-json\/wp\/v2\/types\/post"}],"author":[{"embeddable":true,"href":"https:\/\/emisoracolon.com.ar\/index.php\/wp-json\/wp\/v2\/users\/1"}],"replies":[{"embeddable":true,"href":"https:\/\/emisoracolon.com.ar\/index.php\/wp-json\/wp\/v2\/comments?post=4137"}],"version-history":[{"count":1,"href":"https:\/\/emisoracolon.com.ar\/index.php\/wp-json\/wp\/v2\/posts\/4137\/revisions"}],"predecessor-version":[{"id":4139,"href":"https:\/\/emisoracolon.com.ar\/index.php\/wp-json\/wp\/v2\/posts\/4137\/revisions\/4139"}],"wp:featuredmedia":[{"embeddable":true,"href":"https:\/\/emisoracolon.com.ar\/index.php\/wp-json\/wp\/v2\/media\/4138"}],"wp:attachment":[{"href":"https:\/\/emisoracolon.com.ar\/index.php\/wp-json\/wp\/v2\/media?parent=4137"}],"wp:term":[{"taxonomy":"category","embeddable":true,"href":"https:\/\/emisoracolon.com.ar\/index.php\/wp-json\/wp\/v2\/categories?post=4137"},{"taxonomy":"post_tag","embeddable":true,"href":"https:\/\/emisoracolon.com.ar\/index.php\/wp-json\/wp\/v2\/tags?post=4137"}],"curies":[{"name":"wp","href":"https:\/\/api.w.org\/{rel}","templated":true}]}}