{"id":4134,"date":"2024-10-17T16:57:09","date_gmt":"2024-10-17T19:57:09","guid":{"rendered":"https:\/\/emisoracolon.com.ar\/?p=4134"},"modified":"2024-10-17T16:57:09","modified_gmt":"2024-10-17T19:57:09","slug":"camaras-de-vigilancia-privada-una-propuesta-para-reforzar-la-seguridad","status":"publish","type":"post","link":"https:\/\/emisoracolon.com.ar\/index.php\/2024\/10\/17\/camaras-de-vigilancia-privada-una-propuesta-para-reforzar-la-seguridad\/","title":{"rendered":"C\u00e1maras de vigilancia privada: una propuesta para reforzar la seguridad"},"content":{"rendered":"\n<p>Milagros Morales calific\u00f3 de \u201cpreocupantes\u201d los recientes hechos de inseguridad que han afectado a los vecinos de Col\u00f3n en las \u00faltimas tres semanas. Seg\u00fan la concejala, se ha observado una modalidad hasta ahora pr\u00e1cticamente desconocida en la localidad, como la rotura de vidrios de autos con el fin de robar pertenencias. Adem\u00e1s, el \u00faltimo fin de semana se produjeron entraderas a domicilios, provocando destrozos y el robo de objetos de valor.<\/p>\n\n\n\n<p>Frente a este panorama, la concejala del radicalismo destac\u00f3: \u201cEs preocupante este incremento en los hechos de inseguridad, y desde nuestro bloque queremos recordar un proyecto de ordenanza que presentamos el 23 de mayo, donde proponemos que las c\u00e1maras de seguridad privada de muchos vecinos puedan integrarse al sistema de monitoreo municipal\u201d.<\/p>\n\n\n\n<p>Morales explic\u00f3 que la propuesta busca que, de manera voluntaria, los vecinos puedan aportar las im\u00e1genes captadas por sus c\u00e1maras para ser monitoreadas por el sistema de seguridad local. \u201cHemos dialogado con el Departamento Ejecutivo y la Secretar\u00eda de Seguridad para que se cree un listado de vecinos interesados, ofreciendo como incentivo una peque\u00f1a reducci\u00f3n en alguna tasa municipal, con el fin de estimular esa colaboraci\u00f3n\u201d, agreg\u00f3.<\/p>\n\n\n\n<p>La concejala subray\u00f3 que, en un contexto donde los recursos escasean, esta medida podr\u00eda ser una gran oportunidad para fortalecer la capacidad del municipio de esclarecer y prevenir delitos. \u201cQueremos darle celeridad al tema para que, finalmente, se logre su aprobaci\u00f3n y podamos contar con un recurso m\u00e1s que ayude a prevenir estos hechos\u201d, concluy\u00f3 Morales.<\/p>\n","protected":false},"excerpt":{"rendered":"<p>Milagros Morales calific\u00f3 de \u201cpreocupantes\u201d los recientes hechos de inseguridad que han afectado a los vecinos de Col\u00f3n en las \u00faltimas tres semanas. Seg\u00fan la concejala, se ha observado una modalidad hasta&#8230;<\/p>\n","protected":false},"author":1,"featured_media":4135,"comment_status":"open","ping_status":"open","sticky":false,"template":"","format":"standard","meta":{"footnotes":""},"categories":[3],"tags":[],"class_list":["post-4134","post","type-post","status-publish","format-standard","has-post-thumbnail","hentry","category-general"],"_links":{"self":[{"href":"https:\/\/emisoracolon.com.ar\/index.php\/wp-json\/wp\/v2\/posts\/4134","targetHints":{"allow":["GET"]}}],"collection":[{"href":"https:\/\/emisoracolon.com.ar\/index.php\/wp-json\/wp\/v2\/posts"}],"about":[{"href":"https:\/\/emisoracolon.com.ar\/index.php\/wp-json\/wp\/v2\/types\/post"}],"author":[{"embeddable":true,"href":"https:\/\/emisoracolon.com.ar\/index.php\/wp-json\/wp\/v2\/users\/1"}],"replies":[{"embeddable":true,"href":"https:\/\/emisoracolon.com.ar\/index.php\/wp-json\/wp\/v2\/comments?post=4134"}],"version-history":[{"count":1,"href":"https:\/\/emisoracolon.com.ar\/index.php\/wp-json\/wp\/v2\/posts\/4134\/revisions"}],"predecessor-version":[{"id":4136,"href":"https:\/\/emisoracolon.com.ar\/index.php\/wp-json\/wp\/v2\/posts\/4134\/revisions\/4136"}],"wp:featuredmedia":[{"embeddable":true,"href":"https:\/\/emisoracolon.com.ar\/index.php\/wp-json\/wp\/v2\/media\/4135"}],"wp:attachment":[{"href":"https:\/\/emisoracolon.com.ar\/index.php\/wp-json\/wp\/v2\/media?parent=4134"}],"wp:term":[{"taxonomy":"category","embeddable":true,"href":"https:\/\/emisoracolon.com.ar\/index.php\/wp-json\/wp\/v2\/categories?post=4134"},{"taxonomy":"post_tag","embeddable":true,"href":"https:\/\/emisoracolon.com.ar\/index.php\/wp-json\/wp\/v2\/tags?post=4134"}],"curies":[{"name":"wp","href":"https:\/\/api.w.org\/{rel}","templated":true}]}}