{"id":4129,"date":"2024-10-17T16:54:17","date_gmt":"2024-10-17T19:54:17","guid":{"rendered":"https:\/\/emisoracolon.com.ar\/?p=4129"},"modified":"2024-10-17T16:54:17","modified_gmt":"2024-10-17T19:54:17","slug":"la-campana-y-el-cuadro","status":"publish","type":"post","link":"https:\/\/emisoracolon.com.ar\/index.php\/2024\/10\/17\/la-campana-y-el-cuadro\/","title":{"rendered":"La campana y el cuadro"},"content":{"rendered":"\n<p>La Sala Oncol\u00f3gica fue inaugurada ayer con la participaci\u00f3n de instituciones de la ciudad<\/p>\n\n\n\n<p>El acto de vencer al c\u00e1ncer est\u00e1 simbolizado por el toque de una campana. En la Sala de Quimioterapia inaugurada ayer en el Hospital Municipal, ubicada en calle 13 entre 50 y 51, la campana est\u00e1 instalada junto a los equipos necesarios para los tratamientos de quimioterapia, en un espacio dise\u00f1ado para ofrecer tranquilidad, privacidad y comodidad. El ambiente cuenta con temperatura controlada, televisi\u00f3n y personal capacitado, creando un entorno reconfortante para los pacientes. Un cuadro en la sala contiene el mensaje: &#8220;Termina un cap\u00edtulo y nace una nueva esperanza&#8221;, acompa\u00f1ado por la campana que marca el fin del tratamiento.<\/p>\n\n\n\n<p>Durante la inauguraci\u00f3n, el intendente Waldemar Giordano expres\u00f3 su satisfacci\u00f3n: &#8220;Hace algunos meses comenzamos a reunirnos con el equipo y con la organizaci\u00f3n Cont\u00e1 Conmigo para escuchar sus inquietudes. Era necesario atender estas demandas, especialmente cuando provienen de personas con experiencia directa en el tema o afectadas por la enfermedad&#8221;. Destac\u00f3 que la nueva sala evitar\u00e1 que los pacientes tengan que recorrer todo el hospital, brind\u00e1ndoles privacidad y un espacio adecuado. &#8220;Hablamos con la cooperadora y con los trabajadores municipales para encontrar la mejor ubicaci\u00f3n. La concreci\u00f3n de esta sala ser\u00e1 muy beneficiosa para los vecinos y vecinas&#8221;, agreg\u00f3.<\/p>\n\n\n\n<p>Desde Cont\u00e1 Conmigo resaltaron que la nueva sala responde a las necesidades de &#8220;nuestras amigas&#8221; que han iniciado su tratamiento de quimioterapia, enfatizando la importancia de crear un espacio agradable. Agradecieron a los concejales, al intendente y a la cooperadora por escuchar y concretar este proyecto tan necesario para quienes atraviesan momentos dif\u00edciles. Tambi\u00e9n hicieron un reconocimiento a la comunidad por su apoyo al &#8220;Octubre Rosa&#8221;, la campa\u00f1a de concientizaci\u00f3n sobre el c\u00e1ncer de mama.<\/p>\n\n\n\n<p>Por su parte, la Cooperadora del Hospital, que tambi\u00e9n contribuy\u00f3 a la realizaci\u00f3n de la sala, expres\u00f3 su compromiso de seguir colaborando: &#8220;Estamos dispuestos a continuar trabajando en la medida de nuestras posibilidades, haciendo todos los esfuerzos necesarios&#8221;.<\/p>\n","protected":false},"excerpt":{"rendered":"<p>La Sala Oncol\u00f3gica fue inaugurada ayer con la participaci\u00f3n de instituciones de la ciudad El acto de vencer al c\u00e1ncer est\u00e1 simbolizado por el toque de una campana. En la Sala de&#8230;<\/p>\n","protected":false},"author":1,"featured_media":4130,"comment_status":"open","ping_status":"open","sticky":false,"template":"","format":"standard","meta":{"footnotes":""},"categories":[3],"tags":[],"class_list":["post-4129","post","type-post","status-publish","format-standard","has-post-thumbnail","hentry","category-general"],"_links":{"self":[{"href":"https:\/\/emisoracolon.com.ar\/index.php\/wp-json\/wp\/v2\/posts\/4129","targetHints":{"allow":["GET"]}}],"collection":[{"href":"https:\/\/emisoracolon.com.ar\/index.php\/wp-json\/wp\/v2\/posts"}],"about":[{"href":"https:\/\/emisoracolon.com.ar\/index.php\/wp-json\/wp\/v2\/types\/post"}],"author":[{"embeddable":true,"href":"https:\/\/emisoracolon.com.ar\/index.php\/wp-json\/wp\/v2\/users\/1"}],"replies":[{"embeddable":true,"href":"https:\/\/emisoracolon.com.ar\/index.php\/wp-json\/wp\/v2\/comments?post=4129"}],"version-history":[{"count":1,"href":"https:\/\/emisoracolon.com.ar\/index.php\/wp-json\/wp\/v2\/posts\/4129\/revisions"}],"predecessor-version":[{"id":4131,"href":"https:\/\/emisoracolon.com.ar\/index.php\/wp-json\/wp\/v2\/posts\/4129\/revisions\/4131"}],"wp:featuredmedia":[{"embeddable":true,"href":"https:\/\/emisoracolon.com.ar\/index.php\/wp-json\/wp\/v2\/media\/4130"}],"wp:attachment":[{"href":"https:\/\/emisoracolon.com.ar\/index.php\/wp-json\/wp\/v2\/media?parent=4129"}],"wp:term":[{"taxonomy":"category","embeddable":true,"href":"https:\/\/emisoracolon.com.ar\/index.php\/wp-json\/wp\/v2\/categories?post=4129"},{"taxonomy":"post_tag","embeddable":true,"href":"https:\/\/emisoracolon.com.ar\/index.php\/wp-json\/wp\/v2\/tags?post=4129"}],"curies":[{"name":"wp","href":"https:\/\/api.w.org\/{rel}","templated":true}]}}