{"id":4126,"date":"2024-10-17T16:52:32","date_gmt":"2024-10-17T19:52:32","guid":{"rendered":"https:\/\/emisoracolon.com.ar\/?p=4126"},"modified":"2024-10-17T16:52:32","modified_gmt":"2024-10-17T19:52:32","slug":"alimentacion-consciente-y-saludable","status":"publish","type":"post","link":"https:\/\/emisoracolon.com.ar\/index.php\/2024\/10\/17\/alimentacion-consciente-y-saludable\/","title":{"rendered":"Alimentaci\u00f3n consciente y saludable"},"content":{"rendered":"\n<p>Como fue anunciado ayer se llev\u00f3 a cabo en la Escuela de Educaci\u00f3n T\u00e9cnica N\u00b0 1 un encuentro denominado Alimentaci\u00f3n Consciente y Saludable.<\/p>\n\n\n\n<p>Explicado el motivo de la misma oportunamente, cabe mencionar que estuvo presente la licenciada en Nutrici\u00f3n Florencia Mart\u00ednez, quien hablo de diversas cuestiones sobre la tem\u00e1tica.<\/p>\n\n\n\n<p>Las propuestas presentadas fueron de Instituto Monse\u00f1or de Andrea, 2\u00b0 A\u00f1o A y B: H\u00e1bitos saludables: alimentaci\u00f3n\/nutrici\u00f3n.<\/p>\n\n\n\n<p>Instituto Santa Marta 1\u00b0 A\u00f1o: La importancia de la alimentaci\u00f3n en cada etapa de la vida.<\/p>\n\n\n\n<p>Escuela de Educaci\u00f3n Secundaria T\u00e9cnica N\u00b01 \u201cFort\u00edn de las Mercedes\u201d &#8211; 1\u00b0: Hidrataci\u00f3n, 4\u00b0 A\u00f1o A Electromec\u00e1nica present\u00f3 Alimentaci\u00f3n Saludable y 4\u00b0 A\u00f1o B Electromec\u00e1nica: Gases de efecto invernadero<\/p>\n","protected":false},"excerpt":{"rendered":"<p>Como fue anunciado ayer se llev\u00f3 a cabo en la Escuela de Educaci\u00f3n T\u00e9cnica N\u00b0 1 un encuentro denominado Alimentaci\u00f3n Consciente y Saludable. Explicado el motivo de la misma oportunamente, cabe mencionar&#8230;<\/p>\n","protected":false},"author":1,"featured_media":4127,"comment_status":"open","ping_status":"open","sticky":false,"template":"","format":"standard","meta":{"footnotes":""},"categories":[7,3],"tags":[],"class_list":["post-4126","post","type-post","status-publish","format-standard","has-post-thumbnail","hentry","category-cultura","category-general"],"_links":{"self":[{"href":"https:\/\/emisoracolon.com.ar\/index.php\/wp-json\/wp\/v2\/posts\/4126","targetHints":{"allow":["GET"]}}],"collection":[{"href":"https:\/\/emisoracolon.com.ar\/index.php\/wp-json\/wp\/v2\/posts"}],"about":[{"href":"https:\/\/emisoracolon.com.ar\/index.php\/wp-json\/wp\/v2\/types\/post"}],"author":[{"embeddable":true,"href":"https:\/\/emisoracolon.com.ar\/index.php\/wp-json\/wp\/v2\/users\/1"}],"replies":[{"embeddable":true,"href":"https:\/\/emisoracolon.com.ar\/index.php\/wp-json\/wp\/v2\/comments?post=4126"}],"version-history":[{"count":1,"href":"https:\/\/emisoracolon.com.ar\/index.php\/wp-json\/wp\/v2\/posts\/4126\/revisions"}],"predecessor-version":[{"id":4128,"href":"https:\/\/emisoracolon.com.ar\/index.php\/wp-json\/wp\/v2\/posts\/4126\/revisions\/4128"}],"wp:featuredmedia":[{"embeddable":true,"href":"https:\/\/emisoracolon.com.ar\/index.php\/wp-json\/wp\/v2\/media\/4127"}],"wp:attachment":[{"href":"https:\/\/emisoracolon.com.ar\/index.php\/wp-json\/wp\/v2\/media?parent=4126"}],"wp:term":[{"taxonomy":"category","embeddable":true,"href":"https:\/\/emisoracolon.com.ar\/index.php\/wp-json\/wp\/v2\/categories?post=4126"},{"taxonomy":"post_tag","embeddable":true,"href":"https:\/\/emisoracolon.com.ar\/index.php\/wp-json\/wp\/v2\/tags?post=4126"}],"curies":[{"name":"wp","href":"https:\/\/api.w.org\/{rel}","templated":true}]}}