{"id":4122,"date":"2024-10-17T16:49:00","date_gmt":"2024-10-17T19:49:00","guid":{"rendered":"https:\/\/emisoracolon.com.ar\/?p=4122"},"modified":"2024-10-17T16:49:00","modified_gmt":"2024-10-17T19:49:00","slug":"viernes-de-teatro","status":"publish","type":"post","link":"https:\/\/emisoracolon.com.ar\/index.php\/2024\/10\/17\/viernes-de-teatro\/","title":{"rendered":"Viernes de teatro"},"content":{"rendered":"\n<p>Ma\u00f1ana viernes llega desde Pergamino: St\u00e9fano l&#8217;opera. Ser\u00e1 a desde las 21:30 en la Sala de la Biblioteca Popular Mariano Moreno. Invitan a concurrir se\u00f1alando que no se van arrepentir.<\/p>\n\n\n\n<p>Se trata de la presentaci\u00f3n de escenas de la obra de Armando Disc\u00e9polo, un texto que forma parte del grotesco criollo rioplatense de las primeras d\u00e9cadas del siglo XX.<\/p>\n\n\n\n<p>La historia de tantos inmigrantes llegados a nuestro pa\u00eds , como es la historia de St\u00e9fano que llega desde N\u00e1poles con un sue\u00f1o por cumplir. Esperanza y adversidades se conjugan en su historia y la de su familia.<\/p>\n\n\n\n<p>St\u00e9fano l&#8217;opera surge a partir del trabajo realizado en un taller de Direcci\u00f3n realizado con el Director y Maestro de actuaci\u00f3n Salvador Amore de la ciudad de Bs As que se realiz\u00f3 por iniciativa de un grupo de actrices y actores de Pergamino durante el a\u00f1o 2023.<\/p>\n\n\n\n<p>La obra cuenta con la actuaci\u00f3n de: Beba Bienzob\u00e1s, Carlos Aguil\u00e1, Luis Furlano, Jesica Coronel, Pamela Lombari y Ra\u00fal Notta.<\/p>\n\n\n\n<p>Direcci\u00f3n: Marcela L\u00f3pez. T\u00e9cnica: Firu, Vestuario: Bernarda Funes. Fotograf\u00eda: Laura Riera, Dise\u00f1o: Gustavo Bevacqua y<\/p>\n\n\n\n<p>Audio: Daniel Fern\u00e1ndez.<\/p>\n\n\n\n<p>En Sala Teatral Carlos Laplacette, calle 46 entre 21 y 22 (Nro. 1027) ma\u00f1ana viernes a las 21:30 Valor de la entrada: $4000 anticipada \/ $5000 en puerta<\/p>\n\n\n\n<p>Para adquirirla anticipadamente en la Biblioteca Popular Mariano Moreno ma\u00f1ana \u00faltimo d\u00eda de 8:30 a 12:30. Reservas al 500362<\/p>\n","protected":false},"excerpt":{"rendered":"<p>Ma\u00f1ana viernes llega desde Pergamino: St\u00e9fano l&#8217;opera. Ser\u00e1 a desde las 21:30 en la Sala de la Biblioteca Popular Mariano Moreno. Invitan a concurrir se\u00f1alando que no se van arrepentir. Se trata&#8230;<\/p>\n","protected":false},"author":1,"featured_media":3227,"comment_status":"open","ping_status":"open","sticky":false,"template":"","format":"standard","meta":{"footnotes":""},"categories":[7,3],"tags":[],"class_list":["post-4122","post","type-post","status-publish","format-standard","has-post-thumbnail","hentry","category-cultura","category-general"],"_links":{"self":[{"href":"https:\/\/emisoracolon.com.ar\/index.php\/wp-json\/wp\/v2\/posts\/4122","targetHints":{"allow":["GET"]}}],"collection":[{"href":"https:\/\/emisoracolon.com.ar\/index.php\/wp-json\/wp\/v2\/posts"}],"about":[{"href":"https:\/\/emisoracolon.com.ar\/index.php\/wp-json\/wp\/v2\/types\/post"}],"author":[{"embeddable":true,"href":"https:\/\/emisoracolon.com.ar\/index.php\/wp-json\/wp\/v2\/users\/1"}],"replies":[{"embeddable":true,"href":"https:\/\/emisoracolon.com.ar\/index.php\/wp-json\/wp\/v2\/comments?post=4122"}],"version-history":[{"count":1,"href":"https:\/\/emisoracolon.com.ar\/index.php\/wp-json\/wp\/v2\/posts\/4122\/revisions"}],"predecessor-version":[{"id":4123,"href":"https:\/\/emisoracolon.com.ar\/index.php\/wp-json\/wp\/v2\/posts\/4122\/revisions\/4123"}],"wp:featuredmedia":[{"embeddable":true,"href":"https:\/\/emisoracolon.com.ar\/index.php\/wp-json\/wp\/v2\/media\/3227"}],"wp:attachment":[{"href":"https:\/\/emisoracolon.com.ar\/index.php\/wp-json\/wp\/v2\/media?parent=4122"}],"wp:term":[{"taxonomy":"category","embeddable":true,"href":"https:\/\/emisoracolon.com.ar\/index.php\/wp-json\/wp\/v2\/categories?post=4122"},{"taxonomy":"post_tag","embeddable":true,"href":"https:\/\/emisoracolon.com.ar\/index.php\/wp-json\/wp\/v2\/tags?post=4122"}],"curies":[{"name":"wp","href":"https:\/\/api.w.org\/{rel}","templated":true}]}}