{"id":4120,"date":"2024-10-16T16:56:55","date_gmt":"2024-10-16T19:56:55","guid":{"rendered":"https:\/\/emisoracolon.com.ar\/?p=4120"},"modified":"2024-10-16T16:56:55","modified_gmt":"2024-10-16T19:56:55","slug":"en-defensa-de-la-universidad","status":"publish","type":"post","link":"https:\/\/emisoracolon.com.ar\/index.php\/2024\/10\/16\/en-defensa-de-la-universidad\/","title":{"rendered":"En defensa de la Universidad"},"content":{"rendered":"\n<p>Laura Luciani, directora de la Escuela de Historia de la Universidad Nacional de Rosario:<\/p>\n\n\n\n<p>&#8220;Lo que se est\u00e1 discutiendo ahora es muy interesante desde el punto de vista social. Como comunidad universitaria, y tambi\u00e9n como ciudadanos, lo que planteamos es que todas las cuentas deben ser transparentes. Todo el presupuesto nacional destinado a las universidades debe ser auditado y rendido como corresponde, tal como sucede con cualquier recurso p\u00fablico. Tenemos el derecho de saber c\u00f3mo cada gobierno utiliza el dinero destinado a la universidad, la educaci\u00f3n, el Congreso o el Poder Ejecutivo. Esto es algo b\u00e1sico y no deber\u00eda ser solo un discurso de la derecha.<\/p>\n\n\n\n<p>Sin embargo, el gobierno nacional est\u00e1 utilizando este derecho leg\u00edtimo de conocer el uso del dinero p\u00fablico para inclinar a los trabajadores hacia una pol\u00edtica de cierre de universidades. No se est\u00e1 hablando de mejorar las condiciones de las universidades, al menos no queda claro en sus acciones.<\/p>\n\n\n\n<p>Existen dos discursos en juego: uno que habla de auditor\u00edas, que es correcto y necesario, y otro que sostiene que los estudiantes no terminan sus carreras a tiempo y que se invierte demasiado en ellos. Si bien las auditor\u00edas son imprescindibles, no se puede usar este argumento para justificar el cierre de las universidades, que parece ser el mensaje de fondo.<\/p>\n\n\n\n<p>Desde septiembre de 2022, el 85% del presupuesto universitario se destina a salarios docentes, ya que no se renov\u00f3 la partida presupuestaria, y con la inflaci\u00f3n, todo se ha desmoronado en t\u00e9rminos de precios. Esto ha llevado a un vaciamiento de las universidades y de las pol\u00edticas educativas.<\/p>\n\n\n\n<p>No estamos hablando de sueldos altos. Un titular con dedicaci\u00f3n semiexclusiva y 20 a\u00f1os de antig\u00fcedad apenas cobra el equivalente a una canasta b\u00e1sica, unos 950 mil pesos. Necesit\u00e1s 20 a\u00f1os de antig\u00fcedad para tener un sueldo m\u00e1s o menos digno, por lo que la mayor\u00eda de los docentes tienen que trabajar en otros empleos; nadie puede vivir \u00fanicamente de la docencia universitaria.<\/p>\n\n\n\n<p>La universidad demanda mucho: investigaci\u00f3n, docencia y formaci\u00f3n de nuevas generaciones, y todo esto no se puede hacer con el salario de un docente simple. Por eso la mayor\u00eda tambi\u00e9n tiene otros trabajos.<\/p>\n\n\n\n<p>La universidad no es solo un edificio; es mucho m\u00e1s. En el caso de Rosario, adem\u00e1s de las facultades donde estudian la mayor\u00eda de los estudiantes de grado, tenemos escuelas preuniversitarias en Rosario, General Lagos y Puerto General San Mart\u00edn. Tambi\u00e9n hay sedes de la universidad en otras ciudades, escuelas de oficios, programas para adultos mayores y comedores universitarios que ofrecen men\u00fas a precios accesibles. La universidad es una estructura compleja que no se reduce a los docentes en el aula.<\/p>\n\n\n\n<p>Respecto al argumento de que los pobres est\u00e1n financiando las carreras de la clase media o alta, esto es falso desde hace mucho tiempo. La mayor\u00eda de los estudiantes son trabajadores que no tienen el lujo de depender de sus padres para pagar una pensi\u00f3n o un departamento; trabajan en lo que pueden. Como directora, veo expedientes de personas que tienen familiares a cargo, que necesitan cursar mientras trabajan. Decir que los pobres no acceden a la universidad es un discurso profundamente clasista.<\/p>\n\n\n\n<p>Lo que los pobres s\u00ed est\u00e1n financiando son los viajes en avi\u00f3n del presidente, o lo que hacen el Congreso y otros funcionarios, mientras se da la espalda a los jubilados, a la salud y a la educaci\u00f3n p\u00fablica. Con nuestros impuestos, estamos pagando a esa gente, mientras que las pol\u00edticas como la reducci\u00f3n de bienes personales benefician a los m\u00e1s ricos, quienes ahora contribuyen mucho menos.&#8221;<\/p>\n","protected":false},"excerpt":{"rendered":"<p>Laura Luciani, directora de la Escuela de Historia de la Universidad Nacional de Rosario: &#8220;Lo que se est\u00e1 discutiendo ahora es muy interesante desde el punto de vista social. Como comunidad universitaria,&#8230;<\/p>\n","protected":false},"author":1,"featured_media":3940,"comment_status":"open","ping_status":"open","sticky":false,"template":"","format":"standard","meta":{"footnotes":""},"categories":[3],"tags":[],"class_list":["post-4120","post","type-post","status-publish","format-standard","has-post-thumbnail","hentry","category-general"],"_links":{"self":[{"href":"https:\/\/emisoracolon.com.ar\/index.php\/wp-json\/wp\/v2\/posts\/4120","targetHints":{"allow":["GET"]}}],"collection":[{"href":"https:\/\/emisoracolon.com.ar\/index.php\/wp-json\/wp\/v2\/posts"}],"about":[{"href":"https:\/\/emisoracolon.com.ar\/index.php\/wp-json\/wp\/v2\/types\/post"}],"author":[{"embeddable":true,"href":"https:\/\/emisoracolon.com.ar\/index.php\/wp-json\/wp\/v2\/users\/1"}],"replies":[{"embeddable":true,"href":"https:\/\/emisoracolon.com.ar\/index.php\/wp-json\/wp\/v2\/comments?post=4120"}],"version-history":[{"count":1,"href":"https:\/\/emisoracolon.com.ar\/index.php\/wp-json\/wp\/v2\/posts\/4120\/revisions"}],"predecessor-version":[{"id":4121,"href":"https:\/\/emisoracolon.com.ar\/index.php\/wp-json\/wp\/v2\/posts\/4120\/revisions\/4121"}],"wp:featuredmedia":[{"embeddable":true,"href":"https:\/\/emisoracolon.com.ar\/index.php\/wp-json\/wp\/v2\/media\/3940"}],"wp:attachment":[{"href":"https:\/\/emisoracolon.com.ar\/index.php\/wp-json\/wp\/v2\/media?parent=4120"}],"wp:term":[{"taxonomy":"category","embeddable":true,"href":"https:\/\/emisoracolon.com.ar\/index.php\/wp-json\/wp\/v2\/categories?post=4120"},{"taxonomy":"post_tag","embeddable":true,"href":"https:\/\/emisoracolon.com.ar\/index.php\/wp-json\/wp\/v2\/tags?post=4120"}],"curies":[{"name":"wp","href":"https:\/\/api.w.org\/{rel}","templated":true}]}}