{"id":4118,"date":"2024-10-16T16:56:18","date_gmt":"2024-10-16T19:56:18","guid":{"rendered":"https:\/\/emisoracolon.com.ar\/?p=4118"},"modified":"2024-10-16T16:56:18","modified_gmt":"2024-10-16T19:56:18","slug":"fecha-para-colon-se-viste-de-rosa","status":"publish","type":"post","link":"https:\/\/emisoracolon.com.ar\/index.php\/2024\/10\/16\/fecha-para-colon-se-viste-de-rosa\/","title":{"rendered":"Fecha para Col\u00f3n se viste de Rosa"},"content":{"rendered":"\n<p>Tras la suspensi\u00f3n por cuestiones clim\u00e1ticas, el evento Colon se viste de Rosa se reprogram\u00f3 para el domingo 18 de noviembre desde las 15.00, en el Polo Cultural.<\/p>\n\n\n\n<p>A las 14.30 los que se sumen saldr\u00e1n desde el Museo de la Ciudad en una correcaminata y bicicleteada para luego dar continuidad a los distintos espect\u00e1culos y talleres.<\/p>\n\n\n\n<p>Los organizadores convocan a que los vecinos se sumen<\/p>\n","protected":false},"excerpt":{"rendered":"<p>Tras la suspensi\u00f3n por cuestiones clim\u00e1ticas, el evento Colon se viste de Rosa se reprogram\u00f3 para el domingo 18 de noviembre desde las 15.00, en el Polo Cultural. A las 14.30 los&#8230;<\/p>\n","protected":false},"author":1,"featured_media":1288,"comment_status":"open","ping_status":"open","sticky":false,"template":"","format":"standard","meta":{"footnotes":""},"categories":[3],"tags":[],"class_list":["post-4118","post","type-post","status-publish","format-standard","has-post-thumbnail","hentry","category-general"],"_links":{"self":[{"href":"https:\/\/emisoracolon.com.ar\/index.php\/wp-json\/wp\/v2\/posts\/4118","targetHints":{"allow":["GET"]}}],"collection":[{"href":"https:\/\/emisoracolon.com.ar\/index.php\/wp-json\/wp\/v2\/posts"}],"about":[{"href":"https:\/\/emisoracolon.com.ar\/index.php\/wp-json\/wp\/v2\/types\/post"}],"author":[{"embeddable":true,"href":"https:\/\/emisoracolon.com.ar\/index.php\/wp-json\/wp\/v2\/users\/1"}],"replies":[{"embeddable":true,"href":"https:\/\/emisoracolon.com.ar\/index.php\/wp-json\/wp\/v2\/comments?post=4118"}],"version-history":[{"count":1,"href":"https:\/\/emisoracolon.com.ar\/index.php\/wp-json\/wp\/v2\/posts\/4118\/revisions"}],"predecessor-version":[{"id":4119,"href":"https:\/\/emisoracolon.com.ar\/index.php\/wp-json\/wp\/v2\/posts\/4118\/revisions\/4119"}],"wp:featuredmedia":[{"embeddable":true,"href":"https:\/\/emisoracolon.com.ar\/index.php\/wp-json\/wp\/v2\/media\/1288"}],"wp:attachment":[{"href":"https:\/\/emisoracolon.com.ar\/index.php\/wp-json\/wp\/v2\/media?parent=4118"}],"wp:term":[{"taxonomy":"category","embeddable":true,"href":"https:\/\/emisoracolon.com.ar\/index.php\/wp-json\/wp\/v2\/categories?post=4118"},{"taxonomy":"post_tag","embeddable":true,"href":"https:\/\/emisoracolon.com.ar\/index.php\/wp-json\/wp\/v2\/tags?post=4118"}],"curies":[{"name":"wp","href":"https:\/\/api.w.org\/{rel}","templated":true}]}}