{"id":4077,"date":"2024-10-15T16:58:32","date_gmt":"2024-10-15T19:58:32","guid":{"rendered":"https:\/\/emisoracolon.com.ar\/?p=4077"},"modified":"2024-10-15T16:58:32","modified_gmt":"2024-10-15T19:58:32","slug":"la-lluvia-retraso","status":"publish","type":"post","link":"https:\/\/emisoracolon.com.ar\/index.php\/2024\/10\/15\/la-lluvia-retraso\/","title":{"rendered":"La lluvia retras\u00f3"},"content":{"rendered":"\n<p>Desde la Municipalidad comunicaron que dado la lluvia ca\u00edda en la jornada de ayer se retraso la recolecci\u00f3n de la basura gruesa. Piden tranquilidad a los vecinos porque entre hoy y ma\u00f1ana van a regularizar el servicio. Dicen que el mi\u00e9rcoles estar\u00e1n al d\u00eda con la recolecci\u00f3n.<\/p>\n","protected":false},"excerpt":{"rendered":"<p>Desde la Municipalidad comunicaron que dado la lluvia ca\u00edda en la jornada de ayer se retraso la recolecci\u00f3n de la basura gruesa. Piden tranquilidad a los vecinos porque entre hoy y ma\u00f1ana&#8230;<\/p>\n","protected":false},"author":1,"featured_media":4078,"comment_status":"open","ping_status":"open","sticky":false,"template":"","format":"standard","meta":{"footnotes":""},"categories":[3],"tags":[],"class_list":["post-4077","post","type-post","status-publish","format-standard","has-post-thumbnail","hentry","category-general"],"_links":{"self":[{"href":"https:\/\/emisoracolon.com.ar\/index.php\/wp-json\/wp\/v2\/posts\/4077","targetHints":{"allow":["GET"]}}],"collection":[{"href":"https:\/\/emisoracolon.com.ar\/index.php\/wp-json\/wp\/v2\/posts"}],"about":[{"href":"https:\/\/emisoracolon.com.ar\/index.php\/wp-json\/wp\/v2\/types\/post"}],"author":[{"embeddable":true,"href":"https:\/\/emisoracolon.com.ar\/index.php\/wp-json\/wp\/v2\/users\/1"}],"replies":[{"embeddable":true,"href":"https:\/\/emisoracolon.com.ar\/index.php\/wp-json\/wp\/v2\/comments?post=4077"}],"version-history":[{"count":1,"href":"https:\/\/emisoracolon.com.ar\/index.php\/wp-json\/wp\/v2\/posts\/4077\/revisions"}],"predecessor-version":[{"id":4079,"href":"https:\/\/emisoracolon.com.ar\/index.php\/wp-json\/wp\/v2\/posts\/4077\/revisions\/4079"}],"wp:featuredmedia":[{"embeddable":true,"href":"https:\/\/emisoracolon.com.ar\/index.php\/wp-json\/wp\/v2\/media\/4078"}],"wp:attachment":[{"href":"https:\/\/emisoracolon.com.ar\/index.php\/wp-json\/wp\/v2\/media?parent=4077"}],"wp:term":[{"taxonomy":"category","embeddable":true,"href":"https:\/\/emisoracolon.com.ar\/index.php\/wp-json\/wp\/v2\/categories?post=4077"},{"taxonomy":"post_tag","embeddable":true,"href":"https:\/\/emisoracolon.com.ar\/index.php\/wp-json\/wp\/v2\/tags?post=4077"}],"curies":[{"name":"wp","href":"https:\/\/api.w.org\/{rel}","templated":true}]}}