{"id":4061,"date":"2024-10-14T18:13:25","date_gmt":"2024-10-14T21:13:25","guid":{"rendered":"https:\/\/emisoracolon.com.ar\/?p=4061"},"modified":"2024-10-14T18:13:25","modified_gmt":"2024-10-14T21:13:25","slug":"nora-biaggio-cristina-desvia-la-atencion-de-las-movilizaciones-para-posicionarse-politicamente","status":"publish","type":"post","link":"https:\/\/emisoracolon.com.ar\/index.php\/2024\/10\/14\/nora-biaggio-cristina-desvia-la-atencion-de-las-movilizaciones-para-posicionarse-politicamente\/","title":{"rendered":"Nora Biaggio, \u201cCristina desv\u00eda la atenci\u00f3n de las movilizaciones para posicionarse pol\u00edticamente\u201d"},"content":{"rendered":"\n<p>Nora Biaggio fue una destacada constructora del gremio docente y cofundadora de Tribuna Docente, agrupaci\u00f3n surgida bajo la dictadura por militantes de Pol\u00edtica Obrera, antecesor del Partido Obrero. En una reciente entrevista que le realizamos, reflexion\u00f3 sobre la lucha en el \u00e1mbito educativo tras el veto al financiamiento de la educaci\u00f3n, y analiz\u00f3 el contexto pol\u00edtico y social actual en Argentina.<\/p>\n\n\n\n<p>Sobre las ocupaciones universitarias recientes, Biaggio destac\u00f3: &#8220;Anoche se ocuparon las universidades, continuando un proceso de lucha que se aceler\u00f3 en el estudiantado. La juventud, que estaba muy alejada de la lucha, ahora se une de manera hist\u00f3rica. Se est\u00e1 generando un clima de necesidad de lucha que ha movilizado a varios sectores, incluidos los jubilados&#8221;.<\/p>\n\n\n\n<p>Cuando se le pregunt\u00f3 si los j\u00f3venes est\u00e1n liderando las protestas, fue clara: &#8220;No veo que los j\u00f3venes encabecen nada todav\u00eda. Empezaron a movilizarse muy tarde. Nosotros, desde el 20 de diciembre, venimos ganando la calle con el movimiento piquetero y los desocupados, enfrentando la represi\u00f3n del gobierno&#8221;. Resalt\u00f3 c\u00f3mo las primeras movilizaciones surgieron de sectores m\u00e1s combativos, como los trabajadores y los docentes universitarios, y se han ido sumando otros sectores, como el de la salud.<\/p>\n\n\n\n<p>Biaggio tambi\u00e9n subray\u00f3 el impacto de la lucha de los jubilados, que, en su opini\u00f3n, sintetiz\u00f3 todos los reclamos sociales, en especial tras los recortes a ANSES y PAMI. Para ella, esta movilizaci\u00f3n ha despertado una conciencia m\u00e1s amplia entre la poblaci\u00f3n. Sin embargo, critic\u00f3 duramente a la CGT y la CTA, por no convocar un plan de lucha unificado para enfrentar la pol\u00edtica del gobierno.<\/p>\n\n\n\n<p>En cuanto al panorama pol\u00edtico, Biaggio cree que el voto a favor de Milei no refleja un verdadero viraje a la derecha, sino un hartazgo con los partidos tradicionales. Se\u00f1al\u00f3 que muchos votantes han expresado arrepentimiento, incluso acerc\u00e1ndose a decir que se equivocaron al votar por \u00e9l. Destac\u00f3 tambi\u00e9n la persecuci\u00f3n y represi\u00f3n que enfrentan los opositores, recordando el caso de un joven que se suicid\u00f3 tras haber sido encarcelado por expresar su rechazo al gobierno.<\/p>\n\n\n\n<p>Con respecto al presupuesto de 2025, Biaggio sostuvo que, aunque el 75% del Parlamento est\u00e1 en contra del gobierno, la corrupci\u00f3n en sectores clave, como la de los 84 legisladores que votaron a favor del veto a la educaci\u00f3n, dificulta cualquier cambio real.<\/p>\n\n\n\n<p>Finalmente, critic\u00f3 a figuras del peronismo, como Cristina Fern\u00e1ndez de Kirchner, por desviar la atenci\u00f3n de las movilizaciones estudiantiles para posicionarse pol\u00edticamente. Seg\u00fan Biaggio, el kirchnerismo act\u00faa como una &#8220;losa&#8221; que impide la movilizaci\u00f3n de la clase obrera, aline\u00e1ndose en gran medida con la pol\u00edtica de Milei. A pesar de este panorama adverso, Biaggio conf\u00eda en que la creciente movilizaci\u00f3n de sectores como los docentes, la salud y los jubilados, unidos, pueda generar las condiciones para una huelga general y derrotar las pol\u00edticas del actual gobierno.<\/p>\n","protected":false},"excerpt":{"rendered":"<p>Nora Biaggio fue una destacada constructora del gremio docente y cofundadora de Tribuna Docente, agrupaci\u00f3n surgida bajo la dictadura por militantes de Pol\u00edtica Obrera, antecesor del Partido Obrero. En una reciente entrevista&#8230;<\/p>\n","protected":false},"author":1,"featured_media":4062,"comment_status":"open","ping_status":"open","sticky":false,"template":"","format":"standard","meta":{"footnotes":""},"categories":[3],"tags":[],"class_list":["post-4061","post","type-post","status-publish","format-standard","has-post-thumbnail","hentry","category-general"],"_links":{"self":[{"href":"https:\/\/emisoracolon.com.ar\/index.php\/wp-json\/wp\/v2\/posts\/4061","targetHints":{"allow":["GET"]}}],"collection":[{"href":"https:\/\/emisoracolon.com.ar\/index.php\/wp-json\/wp\/v2\/posts"}],"about":[{"href":"https:\/\/emisoracolon.com.ar\/index.php\/wp-json\/wp\/v2\/types\/post"}],"author":[{"embeddable":true,"href":"https:\/\/emisoracolon.com.ar\/index.php\/wp-json\/wp\/v2\/users\/1"}],"replies":[{"embeddable":true,"href":"https:\/\/emisoracolon.com.ar\/index.php\/wp-json\/wp\/v2\/comments?post=4061"}],"version-history":[{"count":1,"href":"https:\/\/emisoracolon.com.ar\/index.php\/wp-json\/wp\/v2\/posts\/4061\/revisions"}],"predecessor-version":[{"id":4063,"href":"https:\/\/emisoracolon.com.ar\/index.php\/wp-json\/wp\/v2\/posts\/4061\/revisions\/4063"}],"wp:featuredmedia":[{"embeddable":true,"href":"https:\/\/emisoracolon.com.ar\/index.php\/wp-json\/wp\/v2\/media\/4062"}],"wp:attachment":[{"href":"https:\/\/emisoracolon.com.ar\/index.php\/wp-json\/wp\/v2\/media?parent=4061"}],"wp:term":[{"taxonomy":"category","embeddable":true,"href":"https:\/\/emisoracolon.com.ar\/index.php\/wp-json\/wp\/v2\/categories?post=4061"},{"taxonomy":"post_tag","embeddable":true,"href":"https:\/\/emisoracolon.com.ar\/index.php\/wp-json\/wp\/v2\/tags?post=4061"}],"curies":[{"name":"wp","href":"https:\/\/api.w.org\/{rel}","templated":true}]}}