{"id":4055,"date":"2024-10-14T18:09:54","date_gmt":"2024-10-14T21:09:54","guid":{"rendered":"https:\/\/emisoracolon.com.ar\/?p=4055"},"modified":"2024-10-14T18:09:54","modified_gmt":"2024-10-14T21:09:54","slug":"dia-del-respeto-a-la-diversidad-cultural","status":"publish","type":"post","link":"https:\/\/emisoracolon.com.ar\/index.php\/2024\/10\/14\/dia-del-respeto-a-la-diversidad-cultural\/","title":{"rendered":"D\u00eda del Respeto a la Diversidad Cultural"},"content":{"rendered":"\n<p>La ciudad retoma sus actividades tras el 12 de octubre, fecha en la que se conmemora el D\u00eda del Respeto a la Diversidad Cultural. Esta jornada promueve el an\u00e1lisis y la reflexi\u00f3n hist\u00f3rica, el di\u00e1logo intercultural, y el reconocimiento y respeto hacia los pueblos originarios que habitan el territorio argentino.<\/p>\n\n\n\n<p>Desde 2010, este d\u00eda adopt\u00f3 la denominaci\u00f3n de &#8220;D\u00eda del Respeto a la Diversidad Cultural&#8221;, brind\u00e1ndole un nuevo significado que se alinea con los principios de nuestra Constituci\u00f3n Nacional, los Tratados Internacionales y diversas declaraciones de Derechos Humanos, las cuales destacan la importancia de las diversidades \u00e9tnicas y culturales.<\/p>\n\n\n\n<p>Este cambio de paradigma establece un reconocimiento de la identidad m\u00faltiple que caracteriza a nuestro pa\u00eds.<\/p>\n","protected":false},"excerpt":{"rendered":"<p>La ciudad retoma sus actividades tras el 12 de octubre, fecha en la que se conmemora el D\u00eda del Respeto a la Diversidad Cultural. Esta jornada promueve el an\u00e1lisis y la reflexi\u00f3n&#8230;<\/p>\n","protected":false},"author":1,"featured_media":4017,"comment_status":"open","ping_status":"open","sticky":false,"template":"","format":"standard","meta":{"footnotes":""},"categories":[7,3],"tags":[],"class_list":["post-4055","post","type-post","status-publish","format-standard","has-post-thumbnail","hentry","category-cultura","category-general"],"_links":{"self":[{"href":"https:\/\/emisoracolon.com.ar\/index.php\/wp-json\/wp\/v2\/posts\/4055","targetHints":{"allow":["GET"]}}],"collection":[{"href":"https:\/\/emisoracolon.com.ar\/index.php\/wp-json\/wp\/v2\/posts"}],"about":[{"href":"https:\/\/emisoracolon.com.ar\/index.php\/wp-json\/wp\/v2\/types\/post"}],"author":[{"embeddable":true,"href":"https:\/\/emisoracolon.com.ar\/index.php\/wp-json\/wp\/v2\/users\/1"}],"replies":[{"embeddable":true,"href":"https:\/\/emisoracolon.com.ar\/index.php\/wp-json\/wp\/v2\/comments?post=4055"}],"version-history":[{"count":1,"href":"https:\/\/emisoracolon.com.ar\/index.php\/wp-json\/wp\/v2\/posts\/4055\/revisions"}],"predecessor-version":[{"id":4056,"href":"https:\/\/emisoracolon.com.ar\/index.php\/wp-json\/wp\/v2\/posts\/4055\/revisions\/4056"}],"wp:featuredmedia":[{"embeddable":true,"href":"https:\/\/emisoracolon.com.ar\/index.php\/wp-json\/wp\/v2\/media\/4017"}],"wp:attachment":[{"href":"https:\/\/emisoracolon.com.ar\/index.php\/wp-json\/wp\/v2\/media?parent=4055"}],"wp:term":[{"taxonomy":"category","embeddable":true,"href":"https:\/\/emisoracolon.com.ar\/index.php\/wp-json\/wp\/v2\/categories?post=4055"},{"taxonomy":"post_tag","embeddable":true,"href":"https:\/\/emisoracolon.com.ar\/index.php\/wp-json\/wp\/v2\/tags?post=4055"}],"curies":[{"name":"wp","href":"https:\/\/api.w.org\/{rel}","templated":true}]}}