{"id":4026,"date":"2024-10-08T16:52:37","date_gmt":"2024-10-08T19:52:37","guid":{"rendered":"https:\/\/emisoracolon.com.ar\/?p=4026"},"modified":"2024-10-08T16:52:37","modified_gmt":"2024-10-08T19:52:37","slug":"cura-baleado","status":"publish","type":"post","link":"https:\/\/emisoracolon.com.ar\/index.php\/2024\/10\/08\/cura-baleado\/","title":{"rendered":"Cura baleado"},"content":{"rendered":"\n<p>Balearon al cura de M\u00e1ximo Paz El ataque ocurri\u00f3 el s\u00e1bado pasado cuando, el sacerdote que est\u00e1 a cargo de la iglesia de M\u00e1ximo Paz \u2014 un pueblo ubicado a unos 80 kil\u00f3metros de Rosario \u2014 fue baleado con una escopeta. Seg\u00fan explic\u00f3 el p\u00e1rroco, dos encapuchados intentaron robarle, se resisti\u00f3 y recibi\u00f3 un escopetazo. El caso es investigado por la fiscal\u00eda de Villa Constituci\u00f3n.<\/p>\n\n\n\n<p>Cerca de las 21 del s\u00e1bado el p\u00e1rroco Carlos Jos\u00e9 Sala, de 61 a\u00f1os, circulaba por un camino de ripio y al llegar a la intersecci\u00f3n de la ruta provincial 90 y acceso a Santa Teresa, cercano a unas v\u00edas se detuvo en la banquina.&nbsp;<\/p>\n\n\n\n<p>Seg\u00fan el relato del herido se detuvo a orinar y fue sorprendido por dos encapuchados que intentaron asaltarlo y se resisti\u00f3. Dijo que logr\u00f3 subir al auto y escapar del lugar, aunque no pudo determinar en qu\u00e9 momento le dispararon con una escopeta con perdigones en la zona del abdomen y la pelvis.&nbsp;<\/p>\n","protected":false},"excerpt":{"rendered":"<p>Balearon al cura de M\u00e1ximo Paz El ataque ocurri\u00f3 el s\u00e1bado pasado cuando, el sacerdote que est\u00e1 a cargo de la iglesia de M\u00e1ximo Paz \u2014 un pueblo ubicado a unos 80&#8230;<\/p>\n","protected":false},"author":1,"featured_media":4027,"comment_status":"open","ping_status":"open","sticky":false,"template":"","format":"standard","meta":{"footnotes":""},"categories":[3],"tags":[],"class_list":["post-4026","post","type-post","status-publish","format-standard","has-post-thumbnail","hentry","category-general"],"_links":{"self":[{"href":"https:\/\/emisoracolon.com.ar\/index.php\/wp-json\/wp\/v2\/posts\/4026","targetHints":{"allow":["GET"]}}],"collection":[{"href":"https:\/\/emisoracolon.com.ar\/index.php\/wp-json\/wp\/v2\/posts"}],"about":[{"href":"https:\/\/emisoracolon.com.ar\/index.php\/wp-json\/wp\/v2\/types\/post"}],"author":[{"embeddable":true,"href":"https:\/\/emisoracolon.com.ar\/index.php\/wp-json\/wp\/v2\/users\/1"}],"replies":[{"embeddable":true,"href":"https:\/\/emisoracolon.com.ar\/index.php\/wp-json\/wp\/v2\/comments?post=4026"}],"version-history":[{"count":1,"href":"https:\/\/emisoracolon.com.ar\/index.php\/wp-json\/wp\/v2\/posts\/4026\/revisions"}],"predecessor-version":[{"id":4028,"href":"https:\/\/emisoracolon.com.ar\/index.php\/wp-json\/wp\/v2\/posts\/4026\/revisions\/4028"}],"wp:featuredmedia":[{"embeddable":true,"href":"https:\/\/emisoracolon.com.ar\/index.php\/wp-json\/wp\/v2\/media\/4027"}],"wp:attachment":[{"href":"https:\/\/emisoracolon.com.ar\/index.php\/wp-json\/wp\/v2\/media?parent=4026"}],"wp:term":[{"taxonomy":"category","embeddable":true,"href":"https:\/\/emisoracolon.com.ar\/index.php\/wp-json\/wp\/v2\/categories?post=4026"},{"taxonomy":"post_tag","embeddable":true,"href":"https:\/\/emisoracolon.com.ar\/index.php\/wp-json\/wp\/v2\/tags?post=4026"}],"curies":[{"name":"wp","href":"https:\/\/api.w.org\/{rel}","templated":true}]}}