{"id":4021,"date":"2024-10-08T16:47:22","date_gmt":"2024-10-08T19:47:22","guid":{"rendered":"https:\/\/emisoracolon.com.ar\/?p=4021"},"modified":"2024-10-08T16:47:22","modified_gmt":"2024-10-08T19:47:22","slug":"la-salud-mental-la-hacemos-entre-todos-y-todas","status":"publish","type":"post","link":"https:\/\/emisoracolon.com.ar\/index.php\/2024\/10\/08\/la-salud-mental-la-hacemos-entre-todos-y-todas\/","title":{"rendered":"&#8220;La Salud Mental la hacemos entre todos y todas&#8221;"},"content":{"rendered":"\n<p>Se realiz\u00f3 en Carmen de Areco un plenario organizado desde Regi\u00f3n Sanitaria IV sobre el programa provincial &#8220;La Salud Mental la hacemos entre todos y todas&#8221;.<\/p>\n\n\n\n<p>Fue un espacio donde se compartieron experiencias sobre los diferentes talleres. Col\u00f3n es una de las ciudades con m\u00e1s alcances obtenidos en la regi\u00f3n, pudiendo concretar las actividades en los 2dos a\u00f1os de las escuelas secundarias, el Programa Env\u00edon y escuela de adultos.<\/p>\n\n\n\n<p>Estuvieron presentes el equipo del Centro Comunitario de Salud Mental y el Director de Salud Mental Municipal, Mario D&#8217;Angelo-<\/p>\n","protected":false},"excerpt":{"rendered":"<p>Se realiz\u00f3 en Carmen de Areco un plenario organizado desde Regi\u00f3n Sanitaria IV sobre el programa provincial &#8220;La Salud Mental la hacemos entre todos y todas&#8221;. Fue un espacio donde se compartieron&#8230;<\/p>\n","protected":false},"author":1,"featured_media":3564,"comment_status":"open","ping_status":"open","sticky":false,"template":"","format":"standard","meta":{"footnotes":""},"categories":[7,3],"tags":[],"class_list":["post-4021","post","type-post","status-publish","format-standard","has-post-thumbnail","hentry","category-cultura","category-general"],"_links":{"self":[{"href":"https:\/\/emisoracolon.com.ar\/index.php\/wp-json\/wp\/v2\/posts\/4021","targetHints":{"allow":["GET"]}}],"collection":[{"href":"https:\/\/emisoracolon.com.ar\/index.php\/wp-json\/wp\/v2\/posts"}],"about":[{"href":"https:\/\/emisoracolon.com.ar\/index.php\/wp-json\/wp\/v2\/types\/post"}],"author":[{"embeddable":true,"href":"https:\/\/emisoracolon.com.ar\/index.php\/wp-json\/wp\/v2\/users\/1"}],"replies":[{"embeddable":true,"href":"https:\/\/emisoracolon.com.ar\/index.php\/wp-json\/wp\/v2\/comments?post=4021"}],"version-history":[{"count":1,"href":"https:\/\/emisoracolon.com.ar\/index.php\/wp-json\/wp\/v2\/posts\/4021\/revisions"}],"predecessor-version":[{"id":4022,"href":"https:\/\/emisoracolon.com.ar\/index.php\/wp-json\/wp\/v2\/posts\/4021\/revisions\/4022"}],"wp:featuredmedia":[{"embeddable":true,"href":"https:\/\/emisoracolon.com.ar\/index.php\/wp-json\/wp\/v2\/media\/3564"}],"wp:attachment":[{"href":"https:\/\/emisoracolon.com.ar\/index.php\/wp-json\/wp\/v2\/media?parent=4021"}],"wp:term":[{"taxonomy":"category","embeddable":true,"href":"https:\/\/emisoracolon.com.ar\/index.php\/wp-json\/wp\/v2\/categories?post=4021"},{"taxonomy":"post_tag","embeddable":true,"href":"https:\/\/emisoracolon.com.ar\/index.php\/wp-json\/wp\/v2\/tags?post=4021"}],"curies":[{"name":"wp","href":"https:\/\/api.w.org\/{rel}","templated":true}]}}