{"id":4011,"date":"2024-10-08T16:38:18","date_gmt":"2024-10-08T19:38:18","guid":{"rendered":"https:\/\/emisoracolon.com.ar\/?p=4011"},"modified":"2024-10-08T16:38:18","modified_gmt":"2024-10-08T19:38:18","slug":"conta-conmigo-convoca-para-el-domingo","status":"publish","type":"post","link":"https:\/\/emisoracolon.com.ar\/index.php\/2024\/10\/08\/conta-conmigo-convoca-para-el-domingo\/","title":{"rendered":"Cont\u00e1 Conmigo convoca para el domingo"},"content":{"rendered":"\n<p>El pr\u00f3ximo domingo 13 de octubre habr\u00e1 actividad en el Polo Cultural. La propuesta que se anuncia apunta a avanzar en la concientizaci\u00f3n y sensibilizaci\u00f3n sobre el c\u00e1ncer de mama. La misma es impulsada por el grupo \u201cCont\u00e1 Conmigo\u201d y cuenta con el apoyo de la Municipalidad.<\/p>\n\n\n\n<p>El domingo las actividades comenzar\u00e1n a las 13:30 en el Museo de la Ciudad con una caminata \/ bicicleteada para compartir en familia y desde las 14:30 se podr\u00e1 ingresar al Polo Cultural, donde habr\u00e1 espect\u00e1culos de m\u00fasica en vivo, danzas, actividades recreativas y deportivas, stands de informaci\u00f3n sobre la tem\u00e1tica, artesanos, puestos de gastronom\u00eda, entre otras actividades.<\/p>\n\n\n\n<p>Transitamos octubre,el mes de la prevenci\u00f3n del c\u00e1ncer de mama y el rosa es el color que se utiliza para simbolizar las diversas campa\u00f1as que se hacen en todo el mundo. Convocan a que se sumen a la propuesta como ya lo est\u00e1n haciendo comercios de la ciudad colocando elementos con el color rosa en su interior o vidrieras.<\/p>\n","protected":false},"excerpt":{"rendered":"<p>El pr\u00f3ximo domingo 13 de octubre habr\u00e1 actividad en el Polo Cultural. La propuesta que se anuncia apunta a avanzar en la concientizaci\u00f3n y sensibilizaci\u00f3n sobre el c\u00e1ncer de mama. La misma&#8230;<\/p>\n","protected":false},"author":1,"featured_media":4012,"comment_status":"open","ping_status":"open","sticky":false,"template":"","format":"standard","meta":{"footnotes":""},"categories":[7,3],"tags":[],"class_list":["post-4011","post","type-post","status-publish","format-standard","has-post-thumbnail","hentry","category-cultura","category-general"],"_links":{"self":[{"href":"https:\/\/emisoracolon.com.ar\/index.php\/wp-json\/wp\/v2\/posts\/4011","targetHints":{"allow":["GET"]}}],"collection":[{"href":"https:\/\/emisoracolon.com.ar\/index.php\/wp-json\/wp\/v2\/posts"}],"about":[{"href":"https:\/\/emisoracolon.com.ar\/index.php\/wp-json\/wp\/v2\/types\/post"}],"author":[{"embeddable":true,"href":"https:\/\/emisoracolon.com.ar\/index.php\/wp-json\/wp\/v2\/users\/1"}],"replies":[{"embeddable":true,"href":"https:\/\/emisoracolon.com.ar\/index.php\/wp-json\/wp\/v2\/comments?post=4011"}],"version-history":[{"count":1,"href":"https:\/\/emisoracolon.com.ar\/index.php\/wp-json\/wp\/v2\/posts\/4011\/revisions"}],"predecessor-version":[{"id":4013,"href":"https:\/\/emisoracolon.com.ar\/index.php\/wp-json\/wp\/v2\/posts\/4011\/revisions\/4013"}],"wp:featuredmedia":[{"embeddable":true,"href":"https:\/\/emisoracolon.com.ar\/index.php\/wp-json\/wp\/v2\/media\/4012"}],"wp:attachment":[{"href":"https:\/\/emisoracolon.com.ar\/index.php\/wp-json\/wp\/v2\/media?parent=4011"}],"wp:term":[{"taxonomy":"category","embeddable":true,"href":"https:\/\/emisoracolon.com.ar\/index.php\/wp-json\/wp\/v2\/categories?post=4011"},{"taxonomy":"post_tag","embeddable":true,"href":"https:\/\/emisoracolon.com.ar\/index.php\/wp-json\/wp\/v2\/tags?post=4011"}],"curies":[{"name":"wp","href":"https:\/\/api.w.org\/{rel}","templated":true}]}}