{"id":3996,"date":"2024-10-07T18:14:07","date_gmt":"2024-10-07T21:14:07","guid":{"rendered":"https:\/\/emisoracolon.com.ar\/?p=3996"},"modified":"2024-10-07T18:14:07","modified_gmt":"2024-10-07T21:14:07","slug":"feria-de-alimentos-2","status":"publish","type":"post","link":"https:\/\/emisoracolon.com.ar\/index.php\/2024\/10\/07\/feria-de-alimentos-2\/","title":{"rendered":"Feria de alimentos"},"content":{"rendered":"\n<p>Una nueva Feria de Alimento tiene fecha, ser\u00e1 el s\u00e1bado 19 de octubre en la Plaza San Mart\u00edn de 9:00 a 14:30.<\/p>\n\n\n\n<p>La iniciativa tiene como objetivo promocionar la producci\u00f3n y el consumo de alimentos acercando a productores y consumidores a trav\u00e9s de una red de ferias y mercados en toda la provincia de Buenos Aires.<\/p>\n\n\n\n<p>Est\u00e1 abierta la convocatoria a productores de alimentos locales (harina agroecol\u00f3gica, frutos secos, condimentos y especias, dulces, miel, cerveza artesanal, conservas, alfajores, huevos, embutidos, verduras, etc) a inscribirse a los fines de organizar una feria de alimentos en nuestro distrito. Lo pueden hacer en la Direcci\u00f3n de Producci\u00f3n (49 y 16).<\/p>\n\n\n\n<p>El Programa \u201cMercados Bonaerenses\u201d es impulsado desde Ministerio de Desarrollo Agrario de la Provincia de Buenos Aires y forma conjunta con los municipios.<\/p>\n\n\n\n<p>Ser\u00e1 el s\u00e1bado 19 de octubre de 9:00 a 14:00 en Plaza San Mart\u00edn.<\/p>\n","protected":false},"excerpt":{"rendered":"<p>Una nueva Feria de Alimento tiene fecha, ser\u00e1 el s\u00e1bado 19 de octubre en la Plaza San Mart\u00edn de 9:00 a 14:30. La iniciativa tiene como objetivo promocionar la producci\u00f3n y el&#8230;<\/p>\n","protected":false},"author":1,"featured_media":3999,"comment_status":"open","ping_status":"open","sticky":false,"template":"","format":"standard","meta":{"footnotes":""},"categories":[3],"tags":[],"class_list":["post-3996","post","type-post","status-publish","format-standard","has-post-thumbnail","hentry","category-general"],"_links":{"self":[{"href":"https:\/\/emisoracolon.com.ar\/index.php\/wp-json\/wp\/v2\/posts\/3996","targetHints":{"allow":["GET"]}}],"collection":[{"href":"https:\/\/emisoracolon.com.ar\/index.php\/wp-json\/wp\/v2\/posts"}],"about":[{"href":"https:\/\/emisoracolon.com.ar\/index.php\/wp-json\/wp\/v2\/types\/post"}],"author":[{"embeddable":true,"href":"https:\/\/emisoracolon.com.ar\/index.php\/wp-json\/wp\/v2\/users\/1"}],"replies":[{"embeddable":true,"href":"https:\/\/emisoracolon.com.ar\/index.php\/wp-json\/wp\/v2\/comments?post=3996"}],"version-history":[{"count":1,"href":"https:\/\/emisoracolon.com.ar\/index.php\/wp-json\/wp\/v2\/posts\/3996\/revisions"}],"predecessor-version":[{"id":4000,"href":"https:\/\/emisoracolon.com.ar\/index.php\/wp-json\/wp\/v2\/posts\/3996\/revisions\/4000"}],"wp:featuredmedia":[{"embeddable":true,"href":"https:\/\/emisoracolon.com.ar\/index.php\/wp-json\/wp\/v2\/media\/3999"}],"wp:attachment":[{"href":"https:\/\/emisoracolon.com.ar\/index.php\/wp-json\/wp\/v2\/media?parent=3996"}],"wp:term":[{"taxonomy":"category","embeddable":true,"href":"https:\/\/emisoracolon.com.ar\/index.php\/wp-json\/wp\/v2\/categories?post=3996"},{"taxonomy":"post_tag","embeddable":true,"href":"https:\/\/emisoracolon.com.ar\/index.php\/wp-json\/wp\/v2\/tags?post=3996"}],"curies":[{"name":"wp","href":"https:\/\/api.w.org\/{rel}","templated":true}]}}