{"id":3990,"date":"2024-10-07T18:11:46","date_gmt":"2024-10-07T21:11:46","guid":{"rendered":"https:\/\/emisoracolon.com.ar\/?p=3990"},"modified":"2024-10-07T18:11:46","modified_gmt":"2024-10-07T21:11:46","slug":"arte-y-la-cultura-manana","status":"publish","type":"post","link":"https:\/\/emisoracolon.com.ar\/index.php\/2024\/10\/07\/arte-y-la-cultura-manana\/","title":{"rendered":"Arte y la cultura, ma\u00f1ana"},"content":{"rendered":"\n<p>Llega un nuevo \u201cEncuentro de Cultura Bonaerense\u201d a Col\u00f3n. Se trata de un espacio dedicado al intercambio, opini\u00f3n y aprendizaje entre distintos participantes y actores de la cultura provincial.<\/p>\n\n\n\n<p>Pueden participar instituciones, museos, centros culturales, bibliotecas populares y colectivos de arte siendo part\u00edcipes en la construcci\u00f3n de futuras pol\u00edticas culturales para todos y todas.<\/p>\n\n\n\n<p>Municipios que nos visitar\u00e1n en esta ocasi\u00f3n: Arrecifes; Baradero; Capit\u00e1n Sarmiento; Carmen de Areco; Exaltaci\u00f3n de la Cruz; Pergamino; Ramallo; Rojas; Salto; San Andr\u00e9s de Giles; San Antonio de Areco; San Nicol\u00e1s de los Arroyos; San Pedro y Z\u00e1rate<\/p>\n\n\n\n<p>Ser\u00e1 ma\u00f1ana martes 8 de octubre desde las 11:00 en el Polo Educativo)<\/p>\n\n\n\n<p>Inscripci\u00f3n abierta. Busc\u00e1 el formulario en las historias publicadas en las redes de la Municipalidad de Col\u00f3n o en el Instituto Cultural de PBA.<\/p>\n","protected":false},"excerpt":{"rendered":"<p>Llega un nuevo \u201cEncuentro de Cultura Bonaerense\u201d a Col\u00f3n. Se trata de un espacio dedicado al intercambio, opini\u00f3n y aprendizaje entre distintos participantes y actores de la cultura provincial. Pueden participar instituciones,&#8230;<\/p>\n","protected":false},"author":1,"featured_media":3991,"comment_status":"open","ping_status":"open","sticky":false,"template":"","format":"standard","meta":{"footnotes":""},"categories":[7,3],"tags":[],"class_list":["post-3990","post","type-post","status-publish","format-standard","has-post-thumbnail","hentry","category-cultura","category-general"],"_links":{"self":[{"href":"https:\/\/emisoracolon.com.ar\/index.php\/wp-json\/wp\/v2\/posts\/3990","targetHints":{"allow":["GET"]}}],"collection":[{"href":"https:\/\/emisoracolon.com.ar\/index.php\/wp-json\/wp\/v2\/posts"}],"about":[{"href":"https:\/\/emisoracolon.com.ar\/index.php\/wp-json\/wp\/v2\/types\/post"}],"author":[{"embeddable":true,"href":"https:\/\/emisoracolon.com.ar\/index.php\/wp-json\/wp\/v2\/users\/1"}],"replies":[{"embeddable":true,"href":"https:\/\/emisoracolon.com.ar\/index.php\/wp-json\/wp\/v2\/comments?post=3990"}],"version-history":[{"count":1,"href":"https:\/\/emisoracolon.com.ar\/index.php\/wp-json\/wp\/v2\/posts\/3990\/revisions"}],"predecessor-version":[{"id":3992,"href":"https:\/\/emisoracolon.com.ar\/index.php\/wp-json\/wp\/v2\/posts\/3990\/revisions\/3992"}],"wp:featuredmedia":[{"embeddable":true,"href":"https:\/\/emisoracolon.com.ar\/index.php\/wp-json\/wp\/v2\/media\/3991"}],"wp:attachment":[{"href":"https:\/\/emisoracolon.com.ar\/index.php\/wp-json\/wp\/v2\/media?parent=3990"}],"wp:term":[{"taxonomy":"category","embeddable":true,"href":"https:\/\/emisoracolon.com.ar\/index.php\/wp-json\/wp\/v2\/categories?post=3990"},{"taxonomy":"post_tag","embeddable":true,"href":"https:\/\/emisoracolon.com.ar\/index.php\/wp-json\/wp\/v2\/tags?post=3990"}],"curies":[{"name":"wp","href":"https:\/\/api.w.org\/{rel}","templated":true}]}}