{"id":3976,"date":"2024-10-04T18:19:52","date_gmt":"2024-10-04T21:19:52","guid":{"rendered":"https:\/\/emisoracolon.com.ar\/?p=3976"},"modified":"2024-10-04T18:19:52","modified_gmt":"2024-10-04T21:19:52","slug":"litto-nebbia-fue-declarado-visitante-ilustre","status":"publish","type":"post","link":"https:\/\/emisoracolon.com.ar\/index.php\/2024\/10\/04\/litto-nebbia-fue-declarado-visitante-ilustre\/","title":{"rendered":"Litto Nebbia fue declarado Visitante Ilustre"},"content":{"rendered":"\n<p>El Concejo Deliberante de la ciudad ha declarado a Litto Nebbia, ic\u00f3nico m\u00fasico y compositor rosarino, como Visitante Ilustre. La distinci\u00f3n se otorga en reconocimiento a su destacada trayectoria en la m\u00fasica, siendo uno de los fundadores del rock nacional argentino. Este s\u00e1bado, Nebbia ofrecer\u00e1 un concierto a las 21:00 en la sala Carlos Laplacette de la Biblioteca Popular Mariano Moreno.<\/p>\n\n\n\n<p>Para entregarle la resoluci\u00f3n, el Concejo Deliberante celebrar\u00e1 una sesi\u00f3n especial el mismo s\u00e1bado. Carlos Traficante, encargado de proponer la distinci\u00f3n, resalt\u00f3 la importancia del m\u00fasico, quien visitar\u00e1 la ciudad por segunda vez, tras su primera presentaci\u00f3n el 4 de diciembre de 1982 en el predio de la Sociedad Rural.<\/p>\n\n\n\n<p>Traficante, adem\u00e1s de destacar su carrera, record\u00f3 que Nebbia naci\u00f3 en Rosario y es reconocido por su papel fundamental en la banda &#8220;Los Gatos&#8221;, quienes popularizaron la emblem\u00e1tica canci\u00f3n &#8220;La Balsa&#8221;, considerada la mejor del rock argentino por la revista Rolling Stone y la cadena MTV.<\/p>\n\n\n\n<p>Entre otros logros, Nebbia fue galardonado en 1985 con el premio Konex de Platino como mejor autor y compositor de rock, y en 2002 fue distinguido como Ciudadano Ilustre de la ciudad de Buenos Aires. A lo largo de su carrera, ha grabado m\u00e1s de mil discos como int\u00e9rprete y decenas como arreglador, productor y cantante.<\/p>\n\n\n\n<p>El impacto de Nebbia en la m\u00fasica fue subrayado por Charly Garc\u00eda, quien afirm\u00f3 que sin Nebbia &#8220;no habr\u00edan existido Javier Mart\u00ednez, Spinetta, ni yo, ni tampoco vos&#8221;, se\u00f1alando a Fito P\u00e1ez. Traficante cerr\u00f3 su discurso enfatizando la relevancia de la visita de Nebbia para la ciudad, destacando que &#8220;ser\u00e1 una gran velada con una figura de enorme importancia&#8221;, motivo por el cual su propuesta fue aprobada un\u00e1nimemente.<\/p>\n","protected":false},"excerpt":{"rendered":"<p>El Concejo Deliberante de la ciudad ha declarado a Litto Nebbia, ic\u00f3nico m\u00fasico y compositor rosarino, como Visitante Ilustre. La distinci\u00f3n se otorga en reconocimiento a su destacada trayectoria en la m\u00fasica,&#8230;<\/p>\n","protected":false},"author":1,"featured_media":3945,"comment_status":"open","ping_status":"open","sticky":false,"template":"","format":"standard","meta":{"footnotes":""},"categories":[7,3],"tags":[],"class_list":["post-3976","post","type-post","status-publish","format-standard","has-post-thumbnail","hentry","category-cultura","category-general"],"_links":{"self":[{"href":"https:\/\/emisoracolon.com.ar\/index.php\/wp-json\/wp\/v2\/posts\/3976","targetHints":{"allow":["GET"]}}],"collection":[{"href":"https:\/\/emisoracolon.com.ar\/index.php\/wp-json\/wp\/v2\/posts"}],"about":[{"href":"https:\/\/emisoracolon.com.ar\/index.php\/wp-json\/wp\/v2\/types\/post"}],"author":[{"embeddable":true,"href":"https:\/\/emisoracolon.com.ar\/index.php\/wp-json\/wp\/v2\/users\/1"}],"replies":[{"embeddable":true,"href":"https:\/\/emisoracolon.com.ar\/index.php\/wp-json\/wp\/v2\/comments?post=3976"}],"version-history":[{"count":1,"href":"https:\/\/emisoracolon.com.ar\/index.php\/wp-json\/wp\/v2\/posts\/3976\/revisions"}],"predecessor-version":[{"id":3977,"href":"https:\/\/emisoracolon.com.ar\/index.php\/wp-json\/wp\/v2\/posts\/3976\/revisions\/3977"}],"wp:featuredmedia":[{"embeddable":true,"href":"https:\/\/emisoracolon.com.ar\/index.php\/wp-json\/wp\/v2\/media\/3945"}],"wp:attachment":[{"href":"https:\/\/emisoracolon.com.ar\/index.php\/wp-json\/wp\/v2\/media?parent=3976"}],"wp:term":[{"taxonomy":"category","embeddable":true,"href":"https:\/\/emisoracolon.com.ar\/index.php\/wp-json\/wp\/v2\/categories?post=3976"},{"taxonomy":"post_tag","embeddable":true,"href":"https:\/\/emisoracolon.com.ar\/index.php\/wp-json\/wp\/v2\/tags?post=3976"}],"curies":[{"name":"wp","href":"https:\/\/api.w.org\/{rel}","templated":true}]}}