{"id":3971,"date":"2024-10-04T18:17:11","date_gmt":"2024-10-04T21:17:11","guid":{"rendered":"https:\/\/emisoracolon.com.ar\/?p=3971"},"modified":"2024-10-04T18:17:11","modified_gmt":"2024-10-04T21:17:11","slug":"savignano-con-el-papa-francisco","status":"publish","type":"post","link":"https:\/\/emisoracolon.com.ar\/index.php\/2024\/10\/04\/savignano-con-el-papa-francisco\/","title":{"rendered":"Savignano con el Papa Francisco"},"content":{"rendered":"\n<p>V\u00edctor Savignano ha vuelto a ser noticia tras participar en la apertura del S\u00ednodo de los Obispos en el Vaticano, presidido por el Papa Francisco. Este evento, de gran relevancia para la Iglesia Cat\u00f3lica, re\u00fane a obispos de todo el mundo con el objetivo de dialogar y reflexionar sobre diversos temas que afectan a la fe y la vida eclesial. Bajo el liderazgo de Francisco, el s\u00ednodo ha evolucionado hacia un enfoque m\u00e1s participativo, promoviendo el di\u00e1logo entre cl\u00e9rigos, laicos y otros sectores de la Iglesia, abriendo espacio para una mayor inclusi\u00f3n de voces diversas en la toma de decisiones.<\/p>\n\n\n\n<p>El S\u00ednodo sobre la sinodalidad, celebrado en 2023, puso en el centro del debate c\u00f3mo la Iglesia puede ser m\u00e1s inclusiva y receptiva frente a los desaf\u00edos contempor\u00e1neos. El Papa ha insistido en la importancia de acompa\u00f1ar a las comunidades en sus realidades cotidianas, abogando por una Iglesia m\u00e1s cercana, participativa y menos jer\u00e1rquica.<\/p>\n\n\n\n<p>Francisco, nacido como Jorge Mario Bergoglio el 17 de diciembre de 1936 en Buenos Aires, Argentina, es el primer papa de Am\u00e9rica y tambi\u00e9n el primer jesuita en ocupar el cargo. Su trayectoria previa como arzobispo de Buenos Aires destac\u00f3 por su compromiso con los pobres y su firme postura contra la corrupci\u00f3n. Desde su elecci\u00f3n como Sumo Pont\u00edfice el 13 de marzo de 2013, tras la renuncia de Benedicto XVI, Francisco ha llevado adelante una serie de reformas y gestos transformadores dentro de la Iglesia.<\/p>\n\n\n\n<p>Entre sus principales logros destacan:<\/p>\n\n\n\n<p>1. Reformas internas: Ha impulsado una profunda reforma de la Curia vaticana, con el objetivo de hacer la gesti\u00f3n de la Iglesia m\u00e1s transparente y eficiente.<\/p>\n\n\n\n<p>2. Di\u00e1logo interreligioso: Ha fortalecido el di\u00e1logo con otras religiones, en particular con el islam, promoviendo la paz y el entendimiento mutuo.<\/p>\n\n\n\n<p>3. Compromiso con los pobres: Ha hecho un llamado constante a atender a los m\u00e1s necesitados, abogando por una econom\u00eda m\u00e1s justa y solidaria.<\/p>\n\n\n\n<p>4. Cuidado del medio ambiente: Con su enc\u00edclica Laudato Si\u2019, ha resaltado la urgencia de proteger la creaci\u00f3n y asumir una responsabilidad global ante el cambio clim\u00e1tico.<\/p>\n\n\n\n<p>5. Reformas sociales: Francisco ha abordado temas controversiales como la migraci\u00f3n, el matrimonio igualitario y el rol de la mujer en la Iglesia, buscando una mayor apertura e inclusi\u00f3n.<\/p>\n\n\n\n<p>El pontificado de Francisco ha dejado una huella profunda, marcando un camino hacia una Iglesia m\u00e1s misericordiosa, renovada y abierta al di\u00e1logo con el mundo actual.<\/p>\n","protected":false},"excerpt":{"rendered":"<p>V\u00edctor Savignano ha vuelto a ser noticia tras participar en la apertura del S\u00ednodo de los Obispos en el Vaticano, presidido por el Papa Francisco. Este evento, de gran relevancia para la&#8230;<\/p>\n","protected":false},"author":1,"featured_media":3741,"comment_status":"open","ping_status":"open","sticky":false,"template":"","format":"standard","meta":{"footnotes":""},"categories":[3],"tags":[],"class_list":["post-3971","post","type-post","status-publish","format-standard","has-post-thumbnail","hentry","category-general"],"_links":{"self":[{"href":"https:\/\/emisoracolon.com.ar\/index.php\/wp-json\/wp\/v2\/posts\/3971","targetHints":{"allow":["GET"]}}],"collection":[{"href":"https:\/\/emisoracolon.com.ar\/index.php\/wp-json\/wp\/v2\/posts"}],"about":[{"href":"https:\/\/emisoracolon.com.ar\/index.php\/wp-json\/wp\/v2\/types\/post"}],"author":[{"embeddable":true,"href":"https:\/\/emisoracolon.com.ar\/index.php\/wp-json\/wp\/v2\/users\/1"}],"replies":[{"embeddable":true,"href":"https:\/\/emisoracolon.com.ar\/index.php\/wp-json\/wp\/v2\/comments?post=3971"}],"version-history":[{"count":1,"href":"https:\/\/emisoracolon.com.ar\/index.php\/wp-json\/wp\/v2\/posts\/3971\/revisions"}],"predecessor-version":[{"id":3972,"href":"https:\/\/emisoracolon.com.ar\/index.php\/wp-json\/wp\/v2\/posts\/3971\/revisions\/3972"}],"wp:featuredmedia":[{"embeddable":true,"href":"https:\/\/emisoracolon.com.ar\/index.php\/wp-json\/wp\/v2\/media\/3741"}],"wp:attachment":[{"href":"https:\/\/emisoracolon.com.ar\/index.php\/wp-json\/wp\/v2\/media?parent=3971"}],"wp:term":[{"taxonomy":"category","embeddable":true,"href":"https:\/\/emisoracolon.com.ar\/index.php\/wp-json\/wp\/v2\/categories?post=3971"},{"taxonomy":"post_tag","embeddable":true,"href":"https:\/\/emisoracolon.com.ar\/index.php\/wp-json\/wp\/v2\/tags?post=3971"}],"curies":[{"name":"wp","href":"https:\/\/api.w.org\/{rel}","templated":true}]}}