{"id":3958,"date":"2024-10-03T18:13:05","date_gmt":"2024-10-03T21:13:05","guid":{"rendered":"https:\/\/emisoracolon.com.ar\/?p=3958"},"modified":"2024-10-03T18:13:05","modified_gmt":"2024-10-03T21:13:05","slug":"piden-acciones-contra-el-dengue","status":"publish","type":"post","link":"https:\/\/emisoracolon.com.ar\/index.php\/2024\/10\/03\/piden-acciones-contra-el-dengue\/","title":{"rendered":"Piden acciones contra el dengue"},"content":{"rendered":"\n<p>Solicitan desde el bloque Juntos por el Cambio al Departamento Ejecutivo la implementaci\u00f3n de acciones concretas para abordar el brote de dengue. La concejala Milagros Morales explic\u00f3 que esta iniciativa fue presentada en marzo, durante el momento m\u00e1s cr\u00edtico del brote. Una de las propuestas del Bloque Radical fue que las salas de primeros auxilios sean habilitadas como centros de rehidrataci\u00f3n, considerando que la atenci\u00f3n en estos centros se ha ampliado a los turnos de ma\u00f1ana y tarde, cuentan con personal m\u00e9dico capacitado y no requieren una infraestructura significativa, m\u00e1s all\u00e1 de un espacio m\u00ednimo para administrar sueros.<\/p>\n\n\n\n<p>Morales solicit\u00f3 el acompa\u00f1amiento de esta medida, ya que actualmente sigue siendo pertinente, y destac\u00f3 que ser\u00eda una herramienta clave para descentralizar la atenci\u00f3n del Hospital. El Frente de Todos apoy\u00f3 la propuesta, afirmando que la creaci\u00f3n de sectores de hidrataci\u00f3n, como los propuestos, que funcionen como un nivel intermedio entre la atenci\u00f3n primaria y la internaci\u00f3n, es una estrategia efectiva para evitar la saturaci\u00f3n de camas en el hospital. Tambi\u00e9n mencionaron la incorporaci\u00f3n de equipos de asistencia domiciliaria para monitorear a los pacientes infectados que no requieran internaci\u00f3n, con el objetivo de aliviar la carga en la Guardia.<\/p>\n\n\n\n<p>Finalmente, se indic\u00f3 que la labor se llevar\u00e1 a cabo en las tres salas de primeros auxilios disponibles en la ciudad.<\/p>\n","protected":false},"excerpt":{"rendered":"<p>Solicitan desde el bloque Juntos por el Cambio al Departamento Ejecutivo la implementaci\u00f3n de acciones concretas para abordar el brote de dengue. La concejala Milagros Morales explic\u00f3 que esta iniciativa fue presentada&#8230;<\/p>\n","protected":false},"author":1,"featured_media":303,"comment_status":"open","ping_status":"open","sticky":false,"template":"","format":"standard","meta":{"footnotes":""},"categories":[3],"tags":[],"class_list":["post-3958","post","type-post","status-publish","format-standard","has-post-thumbnail","hentry","category-general"],"_links":{"self":[{"href":"https:\/\/emisoracolon.com.ar\/index.php\/wp-json\/wp\/v2\/posts\/3958","targetHints":{"allow":["GET"]}}],"collection":[{"href":"https:\/\/emisoracolon.com.ar\/index.php\/wp-json\/wp\/v2\/posts"}],"about":[{"href":"https:\/\/emisoracolon.com.ar\/index.php\/wp-json\/wp\/v2\/types\/post"}],"author":[{"embeddable":true,"href":"https:\/\/emisoracolon.com.ar\/index.php\/wp-json\/wp\/v2\/users\/1"}],"replies":[{"embeddable":true,"href":"https:\/\/emisoracolon.com.ar\/index.php\/wp-json\/wp\/v2\/comments?post=3958"}],"version-history":[{"count":1,"href":"https:\/\/emisoracolon.com.ar\/index.php\/wp-json\/wp\/v2\/posts\/3958\/revisions"}],"predecessor-version":[{"id":3959,"href":"https:\/\/emisoracolon.com.ar\/index.php\/wp-json\/wp\/v2\/posts\/3958\/revisions\/3959"}],"wp:featuredmedia":[{"embeddable":true,"href":"https:\/\/emisoracolon.com.ar\/index.php\/wp-json\/wp\/v2\/media\/303"}],"wp:attachment":[{"href":"https:\/\/emisoracolon.com.ar\/index.php\/wp-json\/wp\/v2\/media?parent=3958"}],"wp:term":[{"taxonomy":"category","embeddable":true,"href":"https:\/\/emisoracolon.com.ar\/index.php\/wp-json\/wp\/v2\/categories?post=3958"},{"taxonomy":"post_tag","embeddable":true,"href":"https:\/\/emisoracolon.com.ar\/index.php\/wp-json\/wp\/v2\/tags?post=3958"}],"curies":[{"name":"wp","href":"https:\/\/api.w.org\/{rel}","templated":true}]}}